{"id":55,"date":"2005-02-10T11:08:57","date_gmt":"2005-02-10T10:08:57","guid":{"rendered":"https:\/\/www.canal-literatura.com\/certamen\/?p=55"},"modified":"2018-02-09T16:30:20","modified_gmt":"2018-02-09T15:30:20","slug":"23-insomnio","status":"publish","type":"post","link":"https:\/\/www.canal-literatura.com\/certamen\/?p=55","title":{"rendered":"23. Insomnio"},"content":{"rendered":"<div class=\"pdfprnt-buttons pdfprnt-buttons-post pdfprnt-top-right\"><a href=\"https:\/\/www.canal-literatura.com\/certamen\/index.php?rest_route=%2Fwp%2Fv2%2Fposts%2F55&print=pdf\" class=\"pdfprnt-button pdfprnt-button-pdf\" target=\"_blank\" ><img decoding=\"async\" src=\"https:\/\/canal-literatura.com\/certamen\/wp\/wp-content\/plugins\/pdf-print\/images\/pdf.png\" alt=\"image_pdf\" title=\"Ver PDF\" \/><\/a><a href=\"https:\/\/www.canal-literatura.com\/certamen\/index.php?rest_route=%2Fwp%2Fv2%2Fposts%2F55&print=print\" class=\"pdfprnt-button pdfprnt-button-print\" target=\"_blank\" ><img decoding=\"async\" src=\"https:\/\/canal-literatura.com\/certamen\/wp\/wp-content\/plugins\/pdf-print\/images\/print.png\" alt=\"image_print\" title=\"Imprimir contenido\" \/><\/a><\/div><p>In Memoriam E. A. Poe.<\/p>\n<p>-No debo dormir -se repet\u00eda-.<\/p>\n<p style=\"text-align: justify;\">De que aquellos ojos profundos de mirada insostenible lo estaban esperando en el vac\u00edo de sus sue\u00f1os, se encontraba convencido. Y esto le provocaba un sentimiento de terrible angustia.<!--more--><\/p>\n<p style=\"text-align: justify;\">Incluso a \u00e9l que entend\u00eda la venganza como propia de los esp\u00edritus excelentes, la tortura a la que estaba siendo sometido se le antojaba como la m\u00e1s cruel y desmedida de cuantas puedan ser imaginadas.<\/p>\n<p style=\"text-align: justify;\">Prefer\u00eda contemplar la descarnada Luna, como ojo demon\u00edaco entre la negrura envolvente del abismo enlutado, y su palidez inmaculada cuya blancura es m\u00e1s siniestra que las tinieblas de lo subterr\u00e1neo; a abandonarse a merced del sue\u00f1o.<\/p>\n<p style=\"text-align: justify;\">Muchos y muy l\u00e1nguidos fueron los gemidos de las entra\u00f1as del alma que esta inquietud le arranc\u00f3, llegando a ensordecer el susurro de la soledad, asfixiando los versos de la eleg\u00eda que el silencio entona. Y muchas fueron las noches que pas\u00f3 sin dormir intentando entregarse a repasar viejas p\u00e1ginas ro\u00eddas sobre historias olvidadas.<\/p>\n<p style=\"text-align: justify;\">Pero grande era la pena que cubr\u00eda su pensar. Sent\u00eda como sobre su cr\u00e1neo descansaba el peso de toda una existencia.<\/p>\n<p style=\"text-align: justify;\">Si se le hubiese preguntado, con toda seguridad hubiese respondido que esa mirada no era humana. Que se trataba m\u00e1s bien de negras agujas que se enterraban en las m\u00e1s hondas profundidades de su voluntad. O quiz\u00e1 mas probablemente, de un espejo entre llamas que arrancaba las im\u00e1genes m\u00e1s mezquinas de su ser.<\/p>\n<p style=\"text-align: justify;\">Con toda seguridad hubiese respondido que esa mirada era propia de una forma de vida mucho m\u00e1s antigua y poderosa. Que ya era remota cuando el mundo aun era joven.<\/p>\n<p>-Ella estar\u00e1 all\u00ed. Aguarda su momento -se dec\u00eda-.<\/p>\n<p style=\"text-align: justify;\">Y tras perder la cuenta de sus d\u00edas de vigilia, haciendo ya horas que se le hubo extraviado en los laberintos de su consciencia la raz\u00f3n, la cadena de alaridos que vocifer\u00f3 fue tan atroz que m\u00e1s no lo habr\u00eda sido si el abismo se hubiese abierto para liberar la angustia de los condenados. El clamor de lamentos solo fue sofocado para proferir con aterrador tono \u201c\u00a1Vete, vete!\u201d mientras, dando vueltas, sacud\u00eda manotazos a su alrededor de modo, en apariencia, arbitrario.<\/p>\n<p style=\"text-align: justify;\">A causa de su doliente estado, en un dinamismo marcado con un amargor y una distorsi\u00f3n mayores aun que los que el m\u00e1rmol eternizase en Laocoonte, se le torn\u00f3 la expresi\u00f3n.<\/p>\n<p style=\"text-align: justify;\">No encontrando manera alguna de aplacar la inclemente ansiedad que le mortificaba, se puso a beber hasta que la embriaguez le hubo derribado al suelo. Finalmente, y poco antes de quedarse dormido, balbuce\u00f3 para s\u00ed mismo: \u201c\u00a1Que no haya tiniebla!\u201d.<\/p>\n<p style=\"text-align: justify;\">Su mirada se ahog\u00f3, fue a morir a los p\u00e1rpados de la aurora de otro mundo. Sinti\u00f3, con un sentir obscuro y abism\u00e1tico, como se hund\u00eda en esos ojos negros hasta la entra\u00f1a que tanto tem\u00eda. Nada, muerte y vac\u00edo, era todo lo que acababa por ser reflejo de aquellas negras pupilas. Se tornaba en abismo todo lo que aquellos ojos contemplaban.<\/p>\n<p style=\"text-align: justify;\">Sabore\u00f3 amargamente su alma en la boca. Solo ca\u00edda hubo despu\u00e9s, violenta y profunda, con un caer veloz y prolongado que parec\u00eda no tener final.<\/p>\n<p style=\"text-align: justify;\">Fue encontrado al par de d\u00edas completamente aplastado contra el suelo, en igual forma a la que se encuentra a los que caen desde inmensas alturas. Entre cuerpo putrefacto pleno de morbidez y desecho desgarrado que hubiese hecho las veces de canap\u00e9 para una gran rapaz, era su cad\u00e1ver. Su olor era el del vaho sangriento de mil f\u00fanebres festines.<\/p>\n<p>\u201cDe nier ce qui est, et d\u00b4expliquer ce qui n\u00b4est pas\u201d<\/p>\n<p>Jean-Jacques Rousseau (1712-1778)<\/p>\n","protected":false},"excerpt":{"rendered":"<p>In Memoriam E. A. Poe. -No debo dormir -se repet\u00eda-. De que aquellos ojos profundos de mirada insostenible lo estaban esperando en el vac\u00edo de sus sue\u00f1os, se encontraba convencido. Y esto le provocaba un sentimiento de terrible angustia.<\/p>\n","protected":false},"author":1,"featured_media":0,"comment_status":"closed","ping_status":"closed","sticky":false,"template":"","format":"standard","meta":{"footnotes":""},"categories":[4],"tags":[],"class_list":["post-55","post","type-post","status-publish","format-standard","hentry","category-relato"],"_links":{"self":[{"href":"https:\/\/www.canal-literatura.com\/certamen\/index.php?rest_route=\/wp\/v2\/posts\/55","targetHints":{"allow":["GET"]}}],"collection":[{"href":"https:\/\/www.canal-literatura.com\/certamen\/index.php?rest_route=\/wp\/v2\/posts"}],"about":[{"href":"https:\/\/www.canal-literatura.com\/certamen\/index.php?rest_route=\/wp\/v2\/types\/post"}],"author":[{"embeddable":true,"href":"https:\/\/www.canal-literatura.com\/certamen\/index.php?rest_route=\/wp\/v2\/users\/1"}],"replies":[{"embeddable":true,"href":"https:\/\/www.canal-literatura.com\/certamen\/index.php?rest_route=%2Fwp%2Fv2%2Fcomments&post=55"}],"version-history":[{"count":2,"href":"https:\/\/www.canal-literatura.com\/certamen\/index.php?rest_route=\/wp\/v2\/posts\/55\/revisions"}],"predecessor-version":[{"id":459,"href":"https:\/\/www.canal-literatura.com\/certamen\/index.php?rest_route=\/wp\/v2\/posts\/55\/revisions\/459"}],"wp:attachment":[{"href":"https:\/\/www.canal-literatura.com\/certamen\/index.php?rest_route=%2Fwp%2Fv2%2Fmedia&parent=55"}],"wp:term":[{"taxonomy":"category","embeddable":true,"href":"https:\/\/www.canal-literatura.com\/certamen\/index.php?rest_route=%2Fwp%2Fv2%2Fcategories&post=55"},{"taxonomy":"post_tag","embeddable":true,"href":"https:\/\/www.canal-literatura.com\/certamen\/index.php?rest_route=%2Fwp%2Fv2%2Ftags&post=55"}],"curies":[{"name":"wp","href":"https:\/\/api.w.org\/{rel}","templated":true}]}}