{"id":188,"date":"2005-10-15T10:04:44","date_gmt":"2005-10-15T09:04:44","guid":{"rendered":"https:\/\/www.canal-literatura.com\/certamen\/?p=188"},"modified":"2018-02-27T22:43:54","modified_gmt":"2018-02-27T21:43:54","slug":"portada-del-libro-relats-an-el-canal","status":"publish","type":"post","link":"https:\/\/www.canal-literatura.com\/certamen\/?p=188","title":{"rendered":"Portada del libro \u00abRelat@s an el Canal\u00bb"},"content":{"rendered":"<div class=\"pdfprnt-buttons pdfprnt-buttons-post pdfprnt-top-right\"><a href=\"https:\/\/www.canal-literatura.com\/certamen\/index.php?rest_route=%2Fwp%2Fv2%2Fposts%2F188&print=pdf\" class=\"pdfprnt-button pdfprnt-button-pdf\" target=\"_blank\" ><img decoding=\"async\" src=\"https:\/\/canal-literatura.com\/certamen\/wp\/wp-content\/plugins\/pdf-print\/images\/pdf.png\" alt=\"image_pdf\" title=\"Ver PDF\" \/><\/a><a href=\"https:\/\/www.canal-literatura.com\/certamen\/index.php?rest_route=%2Fwp%2Fv2%2Fposts%2F188&print=print\" class=\"pdfprnt-button pdfprnt-button-print\" target=\"_blank\" ><img decoding=\"async\" src=\"https:\/\/canal-literatura.com\/certamen\/wp\/wp-content\/plugins\/pdf-print\/images\/print.png\" alt=\"image_print\" title=\"Imprimir contenido\" \/><\/a><\/div><p>Con pr\u00f3logo de Juan Manuel de Prada titulado\u00a0<b>\u201c<a href=\"https:\/\/canal-literatura.com\/blog\/zona-literaria\/el-arte-del-cuento-prologo-del-libro-relats-en-el-canal-2005-por-juan-manuel-de-prada\/\" target=\"_blank\" rel=\"noopener\">EL ARTE DEL CUENTO<\/a>\u201d<\/b>, los diez relatos finalistas y el ralato n\u00ba 11 , que en sucesivas ediciones del Certamen, ser\u00e1 un autor novel elegido entre los habituales colaboradores que escriben en la web de la Asociaci\u00f3n.<\/p>\n<p><center><a href=\"https:\/\/www.canal-literatura.com\/Libros\/Relat@s_en_el_canal.html\" target=\"_blank\" rel=\"noopener\"><img decoding=\"async\" src=\"https:\/\/www.canal-literatura.com\/images\/portadalibro.jpg\" alt=\"Relat@s en el Canal \" \/><\/a><\/center>Autores: Ganadores y finalistas del II Certamen de Narrativa Breve y un autor invitado (11 autores)<br \/>\nP\u00e1ginas: 80<br \/>\n1\u00aa Edici\u00f3n<br \/>\nDise\u00f1o portada: Maria Luisa Nu\u00f1ez<br \/>\nDibujos: Daniele Branchina<br \/>\nMaquetaci\u00f3n: Saavedra Fotomec\u00e1nica S.L<br \/>\nImpresi\u00f3n: Portada Gr\u00e1fica S.L<br \/>\nEditado por: Asociaci\u00f3n Canal Literatura<br \/>\nISBN: 84-609-7566-5<br \/>\nD\u00e9posito L\u00e9gal: MU-1767-2005<\/p>\n<p><!--more--><\/p>\n<p>Patrocinado por la Direcci\u00f3n General de Cultura.<br \/>\nConsejer\u00eda de Educci\u00f3n y Cultura de la Regi\u00f3n de Murcia.<\/p>\n<p>En breve podr\u00e1s pedirlo desde la web de la Asociaci\u00f3n canal literatura y en las Escuelas de escritores que colaboran en el Certamen.<\/p>\n","protected":false},"excerpt":{"rendered":"<p>Con pr\u00f3logo de Juan Manuel de Prada titulado\u00a0\u201cEL ARTE DEL CUENTO\u201d, los diez relatos finalistas y el ralato n\u00ba 11 , que en sucesivas ediciones del Certamen, ser\u00e1 un autor novel elegido entre los habituales colaboradores que escriben en la web de la Asociaci\u00f3n. Autores: Ganadores y finalistas del II Certamen de Narrativa Breve y [&hellip;]<\/p>\n","protected":false},"author":1,"featured_media":0,"comment_status":"closed","ping_status":"closed","sticky":false,"template":"","format":"standard","meta":{"footnotes":""},"categories":[2],"tags":[],"class_list":["post-188","post","type-post","status-publish","format-standard","hentry","category-noticia"],"_links":{"self":[{"href":"https:\/\/www.canal-literatura.com\/certamen\/index.php?rest_route=\/wp\/v2\/posts\/188","targetHints":{"allow":["GET"]}}],"collection":[{"href":"https:\/\/www.canal-literatura.com\/certamen\/index.php?rest_route=\/wp\/v2\/posts"}],"about":[{"href":"https:\/\/www.canal-literatura.com\/certamen\/index.php?rest_route=\/wp\/v2\/types\/post"}],"author":[{"embeddable":true,"href":"https:\/\/www.canal-literatura.com\/certamen\/index.php?rest_route=\/wp\/v2\/users\/1"}],"replies":[{"embeddable":true,"href":"https:\/\/www.canal-literatura.com\/certamen\/index.php?rest_route=%2Fwp%2Fv2%2Fcomments&post=188"}],"version-history":[{"count":3,"href":"https:\/\/www.canal-literatura.com\/certamen\/index.php?rest_route=\/wp\/v2\/posts\/188\/revisions"}],"predecessor-version":[{"id":644,"href":"https:\/\/www.canal-literatura.com\/certamen\/index.php?rest_route=\/wp\/v2\/posts\/188\/revisions\/644"}],"wp:attachment":[{"href":"https:\/\/www.canal-literatura.com\/certamen\/index.php?rest_route=%2Fwp%2Fv2%2Fmedia&parent=188"}],"wp:term":[{"taxonomy":"category","embeddable":true,"href":"https:\/\/www.canal-literatura.com\/certamen\/index.php?rest_route=%2Fwp%2Fv2%2Fcategories&post=188"},{"taxonomy":"post_tag","embeddable":true,"href":"https:\/\/www.canal-literatura.com\/certamen\/index.php?rest_route=%2Fwp%2Fv2%2Ftags&post=188"}],"curies":[{"name":"wp","href":"https:\/\/api.w.org\/{rel}","templated":true}]}}