{"id":175,"date":"2005-05-03T08:02:16","date_gmt":"2005-05-03T07:02:16","guid":{"rendered":"https:\/\/www.canal-literatura.com\/certamen\/?p=175"},"modified":"2018-02-27T23:45:35","modified_gmt":"2018-02-27T22:45:35","slug":"ganadores-del-segundo-certamen-de-narrativa-breve","status":"publish","type":"post","link":"https:\/\/www.canal-literatura.com\/certamen\/?p=175","title":{"rendered":"Ganadores del Segundo Certamen De Narrativa Breve"},"content":{"rendered":"<div class=\"pdfprnt-buttons pdfprnt-buttons-post pdfprnt-top-right\"><a href=\"https:\/\/www.canal-literatura.com\/certamen\/index.php?rest_route=%2Fwp%2Fv2%2Fposts%2F175&print=pdf\" class=\"pdfprnt-button pdfprnt-button-pdf\" target=\"_blank\" ><img decoding=\"async\" src=\"https:\/\/canal-literatura.com\/certamen\/wp\/wp-content\/plugins\/pdf-print\/images\/pdf.png\" alt=\"image_pdf\" title=\"Ver PDF\" \/><\/a><a href=\"https:\/\/www.canal-literatura.com\/certamen\/index.php?rest_route=%2Fwp%2Fv2%2Fposts%2F175&print=print\" class=\"pdfprnt-button pdfprnt-button-print\" target=\"_blank\" ><img decoding=\"async\" src=\"https:\/\/canal-literatura.com\/certamen\/wp\/wp-content\/plugins\/pdf-print\/images\/print.png\" alt=\"image_print\" title=\"Imprimir contenido\" \/><\/a><\/div><h3 class=\"titulonoticia\" style=\"text-align: center;\">Ganadores del Segundo Certamen De Narrativa Breve<\/h3>\n<p><center><a href=\"https:\/\/www.canal-literatura.com\/finalistas.html\" target=\"_blank\" rel=\"noopener\"><img loading=\"lazy\" decoding=\"async\" class=\"alignnone\" src=\"https:\/\/www.canal-literatura.com\/images\/Finalistas\/A.G.E.O..jpg\" alt=\"Alfredo Gustavo Espeche Ortiz\" width=\"200\" height=\"200\" border=\"0\" \/><\/a><\/center><b>Primer Premio. Alfredo Gustavo Espeche Ortiz periodista argentino de 48 a\u00f1os, ha sido el ganador del del II Certamen de Narrativa Breve Canal Literatura.<\/b><\/p>\n<p style=\"text-align: justify;\">Nacido en Buenos Aires, Argentina, hace 48 a\u00f1os. Soy periodista, una actividad que desarrollo desde hace casi tres d\u00e9cadas, actualmente en la agencia de noticias nacional, T\u00e9lam, desde hace 10 a\u00f1os, despu\u00e9s de haber trabajado en diversos medios escritos y radiales, y alguna breve experiencia en TV.<\/p>\n<p style=\"text-align: justify;\">Mis primeros textos literarios, unos cuentos muy tr\u00e1gicos y sencillos, los escrib\u00ed durante mi adolescencia, y poco despu\u00e9s no s\u00e9 si los perd\u00ed o desaparecieron en alguna mudanza o entre otros papeles que hubo que quemar o destruir en la \u00e9poca de la dictadura, cuando leer ciertos libros o revistas era un delito. No intent\u00e9 reelaborarlos.<br \/>\nEn los 80 retom\u00e9 la escritura y produje cuentos, de los cuales tengo varias decenas. Tambi\u00e9n comenc\u00e9 una novela,\u00a0pero me qued\u00f3 sin aire y no la conclu\u00ed; luego termin\u00e9 otra, pero no me gust\u00f3 y la archiv\u00e9. Despu\u00e9s empec\u00e9 una tercera, que me gusta, pero ya lleva inconclusa varios a\u00f1os, aunque espero terminarla pronto.<!--more--><\/p>\n<p style=\"text-align: justify;\">Con los cuentos me fue mejor: a principios de los 90 obtuve varios premios menores y menciones, hasta que en el 93 gan\u00e9 el primer premio de la editorial El Francotirador Literario, que consist\u00eda en la publicaci\u00f3n de un libro propio. Pero en un pa\u00eds famoso por la corrupci\u00f3n, la literatura no es la excepci\u00f3n y, pese a que fue anunciado en los diarios, la edici\u00f3n de mi libro no se concret\u00f3.<br \/>\nNo volv\u00ed a participar en concursos hasta el a\u00f1o pasado, pero ya no en Argentina, y s\u00f3lo env\u00edo a cert\u00e1menes en Europa u otros pa\u00edses. En 2004 gan\u00e9 el primer premio de Encuentro de Dos Mundos, en Francia.<\/p>\n<p style=\"text-align: justify;\">Otro de mis placeres es viajar. Conozco unos 45 pa\u00edses, muchos de ellos gracias al periodismo, ya que varias veces fui enviado especialy tambi\u00e9n corresponsal de guerra..<br \/>\nTras la debacle econ\u00f3mica argentina de 2001, viajar al primer mundo se volvi\u00f3 muy caro, as\u00ed que segu\u00ed viajando por Am\u00e9rica Latina y descubriendo lugares en Argentina.<br \/>\nCon mi moto recorr\u00ed varias decenas de miles de kil\u00f3metros en Argentina y pa\u00edses vecinos en los \u00faltimos tres a\u00f1os.<\/p>\n<p style=\"text-align: justify;\">Tambi\u00e9n el tango, la m\u00fasica de mi ciudad, es uno de mis placeres. Lo bailo varias veces a la semana hasta avanzada la madrugada. Gracias al tango volv\u00ed a Europa en 2003, cuando me invitaron a integrar un grupo de baile que realiz\u00f3 presentaciones durante el verano boreal.<br \/>\nPara finalizar, siempre me gustaron los deportes, en general los llamados \u00abextremos\u00bb, aunque ahora por una cuesti\u00f3n de a\u00f1os y de algunos accidentes s\u00f3lo hago trekking y buceo, aunque concurro con frecuencia al gimnasio.<\/p>\n<hr \/>\n<p style=\"text-align: center;\"><b>El segundo premio fue para la Vallisoletana Soledad Yerro Santamar\u00eda de 42 a\u00f1os. Con el seud\u00f3nimo \u201cMadam-Bey\u201d y el relato \u201cEl baile de Irene\u201d.<\/b><br \/>\n<a href=\"https:\/\/www.canal-literatura.com\/certamen\" target=\"_blank\" rel=\"noopener\"><img decoding=\"async\" src=\"https:\/\/www.canal-literatura.com\/images\/Finalistas\/Soledad--Y.jpg\" alt=\"Soledad Yerro Santamar?a\" border=\"0\" \/><\/a><\/p>\n<p style=\"text-align: justify;\">Con un par de ca\u00f1as y un ruido de no te menees, me hablaron del Certamen en un bar de Valladolid. Una amiga m\u00eda, tan guapa como pesada, me apunt\u00f3 en una hoja: www.canal-literatura.com\/certamen<\/p>\n<p style=\"text-align: justify;\">Sonre\u00ed, y me llev\u00e9 la hoja a casa mientras pensaba que lo que yo escribo no tiene entidad literaria como para cert\u00e1menes o concursos. Cuarenta y dos a\u00f1os despu\u00e9s, sigo sin conocerme porque fue lo \u00faltimo que pens\u00e9. Al llegar a casa, sin verg\u00fcenza ni pudor, me puse a bailar. Irene empez\u00f3 a escribir al son que ella me iba indicando. Y en mi cara, un brillo raro en la mirada.<\/p>\n<p style=\"text-align: justify;\">No soy escritora, no lo pretendo. Cuando no estoy leyendo, estoy durmiendo.<\/p>\n<p style=\"text-align: justify;\">Tengo una mente inquieta, de esas que se inventan futuros y cambian los pasados. Tambi\u00e9nn tengo un negocio con trece ordenadores donde veo conectarse gente a la red todos los d\u00edas por gentileza de unas perras que me prest\u00f3 Caja Duero y a un m\u00f3dulo de inform\u00e1tica de gesti\u00f3n.<\/p>\n<p style=\"text-align: justify;\">Gracias a todos aquellos que abren puertas y no las cierran, gracias por iniciativas que impulsan la imaginaci\u00f3nn y la creaci\u00f3n, y gracias por ser\u00a0como eres, Irene.<\/p>\n<p>Un saludo a todos y \u00a1Viva Murcia!<\/p>\n<p>&nbsp;<\/p>\n<hr \/>\n<p style=\"text-align: justify;\"><b>El tercer premio fue a parar a la murciana Ana Mar\u00eda Moya G\u00f3mez de 32 a\u00f1os que concursaba con el sed\u00f3nimo \u201cMarcapasos\u201d y el relato \u201cDomingo por la tarde\u201d.\u00a0<\/b><\/p>\n<p style=\"text-align: justify;\"><a href=\"https:\/\/www.canal-literatura.com\/certamen\" target=\"_blank\" rel=\"noopener\"><img decoding=\"async\" class=\"aligncenter\" src=\"https:\/\/www.canal-literatura.com\/images\/ganadores\/tercerpremio.jpg\" \/><\/a><br \/>\nMurciana de 32 a\u00f1os, nacida en Lorca y residente en Murcia desde hace 16. Estudi\u00e9 Derecho y empec\u00e9 a trabajar en el sector bancario desde que me licenci\u00e9. Me gusta el sol de mi tierra, aunque en los d\u00edas m\u00e1s t\u00f3rridos de verano lo maldiga. Pero qu\u00e9 ser\u00eda pasear sin saber que all\u00ed donde vaya sus rayos seguir\u00e1n mis pasos.<br \/>\nMi gusto por la literatura me viene desde que un d\u00eda, sin saber muy bien c\u00f3mo, aprend\u00ed a leer. Recuerdo con cierta extra\u00f1eza las horas gastadas (que no malgastadas) en las bibliotecas p\u00fablicas leyendo c\u00f3mics y tebeos, y aquellos libros de literatura juvenil y aventurera que me iniciaron en lecturas m\u00e1s largas. Las vacaciones escolares se suced\u00edan entre ba\u00f1os, juegos y libros que sustra\u00eda al azar de las estanter\u00edas de mis mayores, por lo que la falta de selecci\u00f3n\u00a0propia me hizo encontrarme con las novelas m\u00e1s dispares, de best-sellers que no consegu\u00eda acabar o Premios Planeta inexplicablemente premiados, pero tambi\u00e9n otras novelas y relatos de menos renombre aparente que me hicieron engancharme, suspirar, re\u00edr y hasta llorar en la intimidad de una lectura silenciosa. De entre todos ellos, dos t\u00edtulos que permanecer\u00e1n siempre en mi memoria por la asombrosa mezcolanza de sensaciones que me hicieron vivir: El M\u00e9dico de Lasha (T. Lobsang Rampa) y El Camino (Delibes), de dos estilos y escritores tan diferentes como el resto del elenco. Tal fue mi admiraci\u00f3n por dichas obras que consider\u00e9 magistrales que, quiz\u00e1 por eso, no me he atrevido a releerlas, prefiriendo salvaguardarlas tal cual en mi recuerdo por un miedo irracional a la posibilidad de quedar defraudada.<br \/>\nEn la actualidad, y confesando mi pecado de leer menos que cuando ten\u00eda menor edad, pocos libros me dejan entusiasmada, con esa especie de euforia de haber tenido la fortuna de vivir una experiencia maravillosa. Pero a veces, aunque s\u00f3lo sea algunas veces, me sigo topando con lecturas apasionantes que revitalizan mis ganas de seguir adquiriendo y devorando mansamente nuevos libros. Mi reciente y tard\u00edo descubrimiento de los versos de Pedro Salinas me reencontr\u00f3 con la poes\u00eda y, a\u00fan despu\u00e9ss, la inusual de Coelho Once Minutos me avis\u00f3 de que las sorpresas llegan de la mano del autor m\u00e1s inesperado y de que no hay apat\u00eda que venza a una buena obra.<br \/>\nUn d\u00eda me dio por escribir algo en un papel y, desde no hace mucho, me vino la idea de querer hacerlo de forma seria. A veces sue\u00f1o con perderme durante meses en una caba\u00f1a de madera, al pie de una ladera con vistas al mar, para empezar la gran novela que posiblemente nunca escribir\u00e9. Me justifico pensando que es por falta de tiempo, pero lo cierto es que la tortura del papel en blanco se mece en la balanza con mayor peso que el placer de llenarlo con letras. Hace un a\u00f1o escrib\u00ed Domingo por la tarde, en un arrojo de valent\u00eda e inspiraci\u00f3n. No me prodigo en concursos ni cert\u00e1menes, tampoco en mostrar mis obras, y vaya usted a saber por qu\u00e9 tuve la osad\u00eda de participar en \u00e9ste y dejar que se colgara en una p\u00e1gina de internet. En cualquier caso, me alegro de haberlo hecho, y tal vez sirva para espantar algunos de mis pudores.<br \/>\nLa idea de la organizaci\u00f3nn de este Certamen me parece oportuna y motivadora. Que sigan por muchos a\u00f1os las iniciativas enriquecedoras.<\/p>\n<p>&nbsp;<\/p>\n<hr \/>\n<p>&nbsp;<\/p>\n","protected":false},"excerpt":{"rendered":"<p>Ganadores del Segundo Certamen De Narrativa Breve Primer Premio. Alfredo Gustavo Espeche Ortiz periodista argentino de 48 a\u00f1os, ha sido el ganador del del II Certamen de Narrativa Breve Canal Literatura. Nacido en Buenos Aires, Argentina, hace 48 a\u00f1os. Soy periodista, una actividad que desarrollo desde hace casi tres d\u00e9cadas, actualmente en la agencia de [&hellip;]<\/p>\n","protected":false},"author":1,"featured_media":0,"comment_status":"closed","ping_status":"closed","sticky":false,"template":"","format":"standard","meta":{"footnotes":""},"categories":[2],"tags":[],"class_list":["post-175","post","type-post","status-publish","format-standard","hentry","category-noticia"],"_links":{"self":[{"href":"https:\/\/www.canal-literatura.com\/certamen\/index.php?rest_route=\/wp\/v2\/posts\/175","targetHints":{"allow":["GET"]}}],"collection":[{"href":"https:\/\/www.canal-literatura.com\/certamen\/index.php?rest_route=\/wp\/v2\/posts"}],"about":[{"href":"https:\/\/www.canal-literatura.com\/certamen\/index.php?rest_route=\/wp\/v2\/types\/post"}],"author":[{"embeddable":true,"href":"https:\/\/www.canal-literatura.com\/certamen\/index.php?rest_route=\/wp\/v2\/users\/1"}],"replies":[{"embeddable":true,"href":"https:\/\/www.canal-literatura.com\/certamen\/index.php?rest_route=%2Fwp%2Fv2%2Fcomments&post=175"}],"version-history":[{"count":4,"href":"https:\/\/www.canal-literatura.com\/certamen\/index.php?rest_route=\/wp\/v2\/posts\/175\/revisions"}],"predecessor-version":[{"id":665,"href":"https:\/\/www.canal-literatura.com\/certamen\/index.php?rest_route=\/wp\/v2\/posts\/175\/revisions\/665"}],"wp:attachment":[{"href":"https:\/\/www.canal-literatura.com\/certamen\/index.php?rest_route=%2Fwp%2Fv2%2Fmedia&parent=175"}],"wp:term":[{"taxonomy":"category","embeddable":true,"href":"https:\/\/www.canal-literatura.com\/certamen\/index.php?rest_route=%2Fwp%2Fv2%2Fcategories&post=175"},{"taxonomy":"post_tag","embeddable":true,"href":"https:\/\/www.canal-literatura.com\/certamen\/index.php?rest_route=%2Fwp%2Fv2%2Ftags&post=175"}],"curies":[{"name":"wp","href":"https:\/\/api.w.org\/{rel}","templated":true}]}}