{"id":174,"date":"2005-04-30T12:33:36","date_gmt":"2005-04-30T11:33:36","guid":{"rendered":"https:\/\/www.canal-literatura.com\/certamen\/?p=174"},"modified":"2018-02-16T00:03:02","modified_gmt":"2018-02-15T23:03:02","slug":"quienes-son-los-diez-finaliatas","status":"publish","type":"post","link":"https:\/\/www.canal-literatura.com\/certamen\/?p=174","title":{"rendered":"Quienes son los diez finalistas"},"content":{"rendered":"<div class=\"pdfprnt-buttons pdfprnt-buttons-post pdfprnt-top-right\"><a href=\"https:\/\/www.canal-literatura.com\/certamen\/index.php?rest_route=%2Fwp%2Fv2%2Fposts%2F174&print=pdf\" class=\"pdfprnt-button pdfprnt-button-pdf\" target=\"_blank\" ><img decoding=\"async\" src=\"https:\/\/canal-literatura.com\/certamen\/wp\/wp-content\/plugins\/pdf-print\/images\/pdf.png\" alt=\"image_pdf\" title=\"Ver PDF\" \/><\/a><a href=\"https:\/\/www.canal-literatura.com\/certamen\/index.php?rest_route=%2Fwp%2Fv2%2Fposts%2F174&print=print\" class=\"pdfprnt-button pdfprnt-button-print\" target=\"_blank\" ><img decoding=\"async\" src=\"https:\/\/canal-literatura.com\/certamen\/wp\/wp-content\/plugins\/pdf-print\/images\/print.png\" alt=\"image_print\" title=\"Imprimir contenido\" \/><\/a><\/div><p>Diez son los finalistas de este segundo certamen.<br \/>\nHasta hoy seud\u00f3nimos que ya nos eran familiares.<br \/>\nAhora puedes conocer m\u00e1s sobre ellos. Porqu\u00e9 escriben, que les ilusiona, su trayectoria profesional o personal. Lo que ellos han querido contarnos a todos, lo ten\u00e9is disponible en la web.<\/p>\n<p><center><br \/>\nPod\u00e9is verlo en:\u00a0<a href=\"https:\/\/www.canal-literatura.com\/finalistas.html\" target=\"_blank\" rel=\"noopener\">Los 10 finalistas del II Certamen de Narrativa Breve<\/a><\/center><\/p>\n","protected":false},"excerpt":{"rendered":"<p>Diez son los finalistas de este segundo certamen. Hasta hoy seud\u00f3nimos que ya nos eran familiares. Ahora puedes conocer m\u00e1s sobre ellos. Porqu\u00e9 escriben, que les ilusiona, su trayectoria profesional o personal. Lo que ellos han querido contarnos a todos, lo ten\u00e9is disponible en la web. Pod\u00e9is verlo en:\u00a0Los 10 finalistas del II Certamen de [&hellip;]<\/p>\n","protected":false},"author":1,"featured_media":0,"comment_status":"closed","ping_status":"closed","sticky":false,"template":"","format":"standard","meta":{"footnotes":""},"categories":[2],"tags":[],"class_list":["post-174","post","type-post","status-publish","format-standard","hentry","category-noticia"],"_links":{"self":[{"href":"https:\/\/www.canal-literatura.com\/certamen\/index.php?rest_route=\/wp\/v2\/posts\/174","targetHints":{"allow":["GET"]}}],"collection":[{"href":"https:\/\/www.canal-literatura.com\/certamen\/index.php?rest_route=\/wp\/v2\/posts"}],"about":[{"href":"https:\/\/www.canal-literatura.com\/certamen\/index.php?rest_route=\/wp\/v2\/types\/post"}],"author":[{"embeddable":true,"href":"https:\/\/www.canal-literatura.com\/certamen\/index.php?rest_route=\/wp\/v2\/users\/1"}],"replies":[{"embeddable":true,"href":"https:\/\/www.canal-literatura.com\/certamen\/index.php?rest_route=%2Fwp%2Fv2%2Fcomments&post=174"}],"version-history":[{"count":2,"href":"https:\/\/www.canal-literatura.com\/certamen\/index.php?rest_route=\/wp\/v2\/posts\/174\/revisions"}],"predecessor-version":[{"id":613,"href":"https:\/\/www.canal-literatura.com\/certamen\/index.php?rest_route=\/wp\/v2\/posts\/174\/revisions\/613"}],"wp:attachment":[{"href":"https:\/\/www.canal-literatura.com\/certamen\/index.php?rest_route=%2Fwp%2Fv2%2Fmedia&parent=174"}],"wp:term":[{"taxonomy":"category","embeddable":true,"href":"https:\/\/www.canal-literatura.com\/certamen\/index.php?rest_route=%2Fwp%2Fv2%2Fcategories&post=174"},{"taxonomy":"post_tag","embeddable":true,"href":"https:\/\/www.canal-literatura.com\/certamen\/index.php?rest_route=%2Fwp%2Fv2%2Ftags&post=174"}],"curies":[{"name":"wp","href":"https:\/\/api.w.org\/{rel}","templated":true}]}}