{"id":171,"date":"2005-04-22T07:32:32","date_gmt":"2005-04-22T06:32:32","guid":{"rendered":"https:\/\/www.canal-literatura.com\/certamen\/?p=171"},"modified":"2018-02-11T20:30:17","modified_gmt":"2018-02-11T19:30:17","slug":"premio-especial-caravaca-de-la-cruz","status":"publish","type":"post","link":"https:\/\/www.canal-literatura.com\/certamen\/?p=171","title":{"rendered":"Premio Especial Caravaca de la Cruz"},"content":{"rendered":"<div class=\"pdfprnt-buttons pdfprnt-buttons-post pdfprnt-top-right\"><a href=\"https:\/\/www.canal-literatura.com\/certamen\/index.php?rest_route=%2Fwp%2Fv2%2Fposts%2F171&print=pdf\" class=\"pdfprnt-button pdfprnt-button-pdf\" target=\"_blank\" ><img decoding=\"async\" src=\"https:\/\/canal-literatura.com\/certamen\/wp\/wp-content\/plugins\/pdf-print\/images\/pdf.png\" alt=\"image_pdf\" title=\"Ver PDF\" \/><\/a><a href=\"https:\/\/www.canal-literatura.com\/certamen\/index.php?rest_route=%2Fwp%2Fv2%2Fposts%2F171&print=print\" class=\"pdfprnt-button pdfprnt-button-print\" target=\"_blank\" ><img decoding=\"async\" src=\"https:\/\/canal-literatura.com\/certamen\/wp\/wp-content\/plugins\/pdf-print\/images\/print.png\" alt=\"image_print\" title=\"Imprimir contenido\" \/><\/a><\/div><p><center><br \/>\n<a href=\"https:\/\/www.canal-literatura.com\/certamen\/caravaca\/easyboard.php?action=view\" target=\"_blank\" rel=\"noopener\"><img loading=\"lazy\" decoding=\"async\" class=\"alignnone\" src=\"https:\/\/www.canal-literatura.com\/certamen\/banner_caravaca.gif\" alt=\"Premio Especial Caravaca de la Cruz\" width=\"140\" height=\"153\" \/><\/a><\/p>\n<p style=\"text-align: justify;\">\n<p><\/center>El jurado que otorga este premio compuesto por:<\/p>\n<p>D.Orencio Caparros.(Concejal de cultura<br \/>\nD. Gonzalo L\u00f3pez Auguy.(Concejal de Tur\u00edsmo)<br \/>\nY el Comit\u00e9 de Evaluaci\u00f3n de la Casa de la Cultura de la ciudad de Caravaca de la Cruz:<\/p>\n<p style=\"text-align: justify;\">Han decidido otorgar este Premio Especial a Inmaculada S\u00e1nchez Ramos (Madrid) que concursaba con el relato firmado con el seud\u00f3nimo \u201cMiguel\u201d, considerando que el texto expresa la esencia de la historia de la Veracruz, haciendo referencia al Amor, la esperanza, y la permanencia de estos valores independientemente de la \u00e9poca y el trascurrir del tiempo.<br \/>\nEl texto completo dice:<\/p>\n<p style=\"text-align: justify;\"><b>\u201cEs una historia de un f\u00e9rtil pasado, pero lo realmente esperanzador no es la historia, la bell\u00edsima historia de la llegada de la Vera Cruz a Caravaca, lo realmente esperanzador es su futuro, es su mirada hacia adelante, es su sentido de la trascendencia. La Vera Cruz es un trozo del madero que mantuvo al Amor y al Amor con may\u00fasculas. En ella se llev\u00f3 a cabo la mayor historia de amor jam\u00e1s contada, y esa, esa, es una historia atemporal y universal y terminarla se hace dif\u00edcil, a\u00fan es m\u00e1s es imposible, pues es, de hecho, una historia interminable.<\/b><\/p>\n<p style=\"text-align: center;\"><a href=\"https:\/\/www.canal-literatura.com\/certamen\/caravaca\/easyboard.php?action=view\" target=\"_blank\" rel=\"noopener\"><img decoding=\"async\" class=\"aligncenter\" src=\"https:\/\/www.canal-literatura.com\/con_sentido_critico\/Inma.jpg\" alt=\"Inmaculada S\u00e1nchez Ramos\" border=\"0\" \/><\/a><br \/>\nInmaculada S\u00e1nchez Ramos<\/p>\n<p style=\"text-align: justify;\">Este Premio se entregar\u00e1 el d\u00eda 1 de Mayo en la cena de entrega de premios. Enhorabuena al ganador al que se le comunicar\u00e1 v\u00eda correo electr\u00f3nico.<\/p>\n<p>&nbsp;<\/p>\n","protected":false},"excerpt":{"rendered":"<p>El jurado que otorga este premio compuesto por: D.Orencio Caparros.(Concejal de cultura D. Gonzalo L\u00f3pez Auguy.(Concejal de Tur\u00edsmo) Y el Comit\u00e9 de Evaluaci\u00f3n de la Casa de la Cultura de la ciudad de Caravaca de la Cruz: Han decidido otorgar este Premio Especial a Inmaculada S\u00e1nchez Ramos (Madrid) que concursaba con el relato firmado con [&hellip;]<\/p>\n","protected":false},"author":1,"featured_media":0,"comment_status":"closed","ping_status":"closed","sticky":false,"template":"","format":"standard","meta":{"footnotes":""},"categories":[2],"tags":[],"class_list":["post-171","post","type-post","status-publish","format-standard","hentry","category-noticia"],"_links":{"self":[{"href":"https:\/\/www.canal-literatura.com\/certamen\/index.php?rest_route=\/wp\/v2\/posts\/171","targetHints":{"allow":["GET"]}}],"collection":[{"href":"https:\/\/www.canal-literatura.com\/certamen\/index.php?rest_route=\/wp\/v2\/posts"}],"about":[{"href":"https:\/\/www.canal-literatura.com\/certamen\/index.php?rest_route=\/wp\/v2\/types\/post"}],"author":[{"embeddable":true,"href":"https:\/\/www.canal-literatura.com\/certamen\/index.php?rest_route=\/wp\/v2\/users\/1"}],"replies":[{"embeddable":true,"href":"https:\/\/www.canal-literatura.com\/certamen\/index.php?rest_route=%2Fwp%2Fv2%2Fcomments&post=171"}],"version-history":[{"count":2,"href":"https:\/\/www.canal-literatura.com\/certamen\/index.php?rest_route=\/wp\/v2\/posts\/171\/revisions"}],"predecessor-version":[{"id":592,"href":"https:\/\/www.canal-literatura.com\/certamen\/index.php?rest_route=\/wp\/v2\/posts\/171\/revisions\/592"}],"wp:attachment":[{"href":"https:\/\/www.canal-literatura.com\/certamen\/index.php?rest_route=%2Fwp%2Fv2%2Fmedia&parent=171"}],"wp:term":[{"taxonomy":"category","embeddable":true,"href":"https:\/\/www.canal-literatura.com\/certamen\/index.php?rest_route=%2Fwp%2Fv2%2Fcategories&post=171"},{"taxonomy":"post_tag","embeddable":true,"href":"https:\/\/www.canal-literatura.com\/certamen\/index.php?rest_route=%2Fwp%2Fv2%2Ftags&post=171"}],"curies":[{"name":"wp","href":"https:\/\/api.w.org\/{rel}","templated":true}]}}