{"id":169,"date":"2005-04-15T08:18:05","date_gmt":"2005-04-15T07:18:05","guid":{"rendered":"https:\/\/www.canal-literatura.com\/certamen\/?p=169"},"modified":"2018-02-11T20:40:27","modified_gmt":"2018-02-11T19:40:27","slug":"finalistas-del-ii-certamen-de-narrativa-breve","status":"publish","type":"post","link":"https:\/\/www.canal-literatura.com\/certamen\/?p=169","title":{"rendered":"Finalistas del II Certamen de Narrativa Breve"},"content":{"rendered":"<div class=\"pdfprnt-buttons pdfprnt-buttons-post pdfprnt-top-right\"><a href=\"https:\/\/www.canal-literatura.com\/certamen\/index.php?rest_route=%2Fwp%2Fv2%2Fposts%2F169&print=pdf\" class=\"pdfprnt-button pdfprnt-button-pdf\" target=\"_blank\" ><img decoding=\"async\" src=\"https:\/\/canal-literatura.com\/certamen\/wp\/wp-content\/plugins\/pdf-print\/images\/pdf.png\" alt=\"image_pdf\" title=\"Ver PDF\" \/><\/a><a href=\"https:\/\/www.canal-literatura.com\/certamen\/index.php?rest_route=%2Fwp%2Fv2%2Fposts%2F169&print=print\" class=\"pdfprnt-button pdfprnt-button-print\" target=\"_blank\" ><img decoding=\"async\" src=\"https:\/\/canal-literatura.com\/certamen\/wp\/wp-content\/plugins\/pdf-print\/images\/print.png\" alt=\"image_print\" title=\"Imprimir contenido\" \/><\/a><\/div><p>Estos son los relatos finalistas de esta segunda edici\u00f3n del Certamen.<br \/>\n<b>n\u00ba \u2014\u2014\u2014- Pseud\u00f3nimo \u2014\u2014\u2014- T\u00edtulo<\/b><br \/>\n31\u2014\u2014\u2014- Mardam-Bey\u2014\u2014\u2014- El baile de Irene<br \/>\n44\u2014\u2014\u2014- Oriol Miguel\u2014\u2014\u2014- Dos l\u00e1grimas<br \/>\n50\u2014\u2014\u2014- Amaturi\u2014\u2014\u2014- Quebranto<br \/>\n58\u2014\u2014\u2014- Marcapasos\u2014\u2014\u2014- Domingo por la tarde<br \/>\n73\u2014\u2014\u2014- Manauel mira la luna\u2014\u2014\u2014- Paso de cebra<br \/>\n79\u2014\u2014\u2014- Queronea \u2014\u2014\u2014- Murcia, 2 de mayo<br \/>\n98\u2014\u2014\u2014- Excalibur \u2014\u2014\u2014- Molinos de viento<br \/>\n105\u2014\u2014\u2014- Alejandra Pauli\u2014\u2014\u2014- Los libros vivos<br \/>\n106\u2014\u2014\u2014- Amado Beltr\u00e1n\u2014\u2014\u2014- Mi vida sin \u00c1ngela<br \/>\n122\u2014\u2014\u2014- Assahafi \u2014\u2014\u2014- S\u00e1bados de ida y vuelta<\/p>\n<p>Una Copia del original enviado por los autores, ha sido remitido a los miembros del jurado que decidir\u00e1 los ganadores .<\/p>\n<p>El fallo final se conocer\u00e1 durante el transcurso de la cena entrega de premios que se celebrar\u00e1 en Murcia el domingo 1 de Mayo del 2005.<\/p>\n<p>Agradeciendo la participaci\u00f3n de todos los concursantes, queremos felicitar a los finalistas dese\u00e1ndoles suerte en este \u00faltimo tramo .<br \/>\nPode\u00eds leer los relatos finalistas en :\u00a0<b><a href=\"https:\/\/canal-literatura.com\/certamen\/?cat=5\" target=\"_blank\" rel=\"noopener\">Relatos finalistas del II Certamen<\/a>.<\/b><\/p>\n","protected":false},"excerpt":{"rendered":"<p>Estos son los relatos finalistas de esta segunda edici\u00f3n del Certamen. n\u00ba \u2014\u2014\u2014- Pseud\u00f3nimo \u2014\u2014\u2014- T\u00edtulo 31\u2014\u2014\u2014- Mardam-Bey\u2014\u2014\u2014- El baile de Irene 44\u2014\u2014\u2014- Oriol Miguel\u2014\u2014\u2014- Dos l\u00e1grimas 50\u2014\u2014\u2014- Amaturi\u2014\u2014\u2014- Quebranto 58\u2014\u2014\u2014- Marcapasos\u2014\u2014\u2014- Domingo por la tarde 73\u2014\u2014\u2014- Manauel mira la luna\u2014\u2014\u2014- Paso de cebra 79\u2014\u2014\u2014- Queronea \u2014\u2014\u2014- Murcia, 2 de mayo 98\u2014\u2014\u2014- Excalibur \u2014\u2014\u2014- Molinos [&hellip;]<\/p>\n","protected":false},"author":1,"featured_media":0,"comment_status":"closed","ping_status":"closed","sticky":false,"template":"","format":"standard","meta":{"footnotes":""},"categories":[2],"tags":[],"class_list":["post-169","post","type-post","status-publish","format-standard","hentry","category-noticia"],"_links":{"self":[{"href":"https:\/\/www.canal-literatura.com\/certamen\/index.php?rest_route=\/wp\/v2\/posts\/169","targetHints":{"allow":["GET"]}}],"collection":[{"href":"https:\/\/www.canal-literatura.com\/certamen\/index.php?rest_route=\/wp\/v2\/posts"}],"about":[{"href":"https:\/\/www.canal-literatura.com\/certamen\/index.php?rest_route=\/wp\/v2\/types\/post"}],"author":[{"embeddable":true,"href":"https:\/\/www.canal-literatura.com\/certamen\/index.php?rest_route=\/wp\/v2\/users\/1"}],"replies":[{"embeddable":true,"href":"https:\/\/www.canal-literatura.com\/certamen\/index.php?rest_route=%2Fwp%2Fv2%2Fcomments&post=169"}],"version-history":[{"count":4,"href":"https:\/\/www.canal-literatura.com\/certamen\/index.php?rest_route=\/wp\/v2\/posts\/169\/revisions"}],"predecessor-version":[{"id":597,"href":"https:\/\/www.canal-literatura.com\/certamen\/index.php?rest_route=\/wp\/v2\/posts\/169\/revisions\/597"}],"wp:attachment":[{"href":"https:\/\/www.canal-literatura.com\/certamen\/index.php?rest_route=%2Fwp%2Fv2%2Fmedia&parent=169"}],"wp:term":[{"taxonomy":"category","embeddable":true,"href":"https:\/\/www.canal-literatura.com\/certamen\/index.php?rest_route=%2Fwp%2Fv2%2Fcategories&post=169"},{"taxonomy":"post_tag","embeddable":true,"href":"https:\/\/www.canal-literatura.com\/certamen\/index.php?rest_route=%2Fwp%2Fv2%2Ftags&post=169"}],"curies":[{"name":"wp","href":"https:\/\/api.w.org\/{rel}","templated":true}]}}