{"id":168,"date":"2005-04-10T16:12:35","date_gmt":"2005-04-10T15:12:35","guid":{"rendered":"https:\/\/www.canal-literatura.com\/certamen\/?p=168"},"modified":"2018-02-11T20:41:51","modified_gmt":"2018-02-11T19:41:51","slug":"calendario-previsto-en-el-ii-certamen","status":"publish","type":"post","link":"https:\/\/www.canal-literatura.com\/certamen\/?p=168","title":{"rendered":"Calendario previsto en el II Certamen"},"content":{"rendered":"<div class=\"pdfprnt-buttons pdfprnt-buttons-post pdfprnt-top-right\"><a href=\"https:\/\/www.canal-literatura.com\/certamen\/index.php?rest_route=%2Fwp%2Fv2%2Fposts%2F168&print=pdf\" class=\"pdfprnt-button pdfprnt-button-pdf\" target=\"_blank\" ><img decoding=\"async\" src=\"https:\/\/canal-literatura.com\/certamen\/wp\/wp-content\/plugins\/pdf-print\/images\/pdf.png\" alt=\"image_pdf\" title=\"Ver PDF\" \/><\/a><a href=\"https:\/\/www.canal-literatura.com\/certamen\/index.php?rest_route=%2Fwp%2Fv2%2Fposts%2F168&print=print\" class=\"pdfprnt-button pdfprnt-button-print\" target=\"_blank\" ><img decoding=\"async\" src=\"https:\/\/canal-literatura.com\/certamen\/wp\/wp-content\/plugins\/pdf-print\/images\/print.png\" alt=\"image_print\" title=\"Imprimir contenido\" \/><\/a><\/div><p><b>D\u00eda 15 de Abril:<\/b><br \/>\n1-Publicaci\u00f3n de los finalistas del II Certamen decididos por el grupo de lectura y el jurado.<\/p>\n<p>2-Comunicaci\u00f3n v\u00eda correo electr\u00f3nico a los finalistas.<\/p>\n<p>3- Cierre de las votaciones del publico en el foro.<\/p>\n<p><b>D\u00eda 18 de abril:<\/b><\/p>\n<p>1-Publicaci\u00f3n del \u00fanico ganador del \u201cPremio Especial del Publico\u201d, una vez hecho el recuento de los votos del foro.<\/p>\n<p>2- Comunicaci\u00f3n por correo electr\u00f3nico al ganador de dicho premio.<\/p>\n<p><b>D\u00eda 1 de Mayo del 2005<\/b><\/p>\n<p>Entrega de premios en Murcia, donde se conocer\u00e1n los tres gandores decididos por el jurado oficial del Certamen.<\/p>\n<p>Se entregar\u00e1 admem\u00e1s el \u201cPremio Especial Caravaca de la Cruz\u201d y tambi\u00e9n el \u201cPremio especial del Publico\u201d.<\/p>\n<p><b>Estate atento a la web para conocer todas las novedades.<\/b><\/p>\n<div class=\"ratingblock \">\n<div class=\"ratingheader \"><\/div>\n<div class=\"ratingstars \">\n<div id=\"article_rater_1577\" class=\"ratepost gdsr-crystal gdsr-size-16\">\n<div class=\"starsbar gdsr-size-16\">\n<div class=\"gdouter gdheight\"><\/div>\n<\/div>\n<\/div>\n<\/div>\n<\/div>\n","protected":false},"excerpt":{"rendered":"<p>D\u00eda 15 de Abril: 1-Publicaci\u00f3n de los finalistas del II Certamen decididos por el grupo de lectura y el jurado. 2-Comunicaci\u00f3n v\u00eda correo electr\u00f3nico a los finalistas. 3- Cierre de las votaciones del publico en el foro. D\u00eda 18 de abril: 1-Publicaci\u00f3n del \u00fanico ganador del \u201cPremio Especial del Publico\u201d, una vez hecho el recuento [&hellip;]<\/p>\n","protected":false},"author":1,"featured_media":0,"comment_status":"closed","ping_status":"closed","sticky":false,"template":"","format":"standard","meta":{"footnotes":""},"categories":[2],"tags":[],"class_list":["post-168","post","type-post","status-publish","format-standard","hentry","category-noticia"],"_links":{"self":[{"href":"https:\/\/www.canal-literatura.com\/certamen\/index.php?rest_route=\/wp\/v2\/posts\/168","targetHints":{"allow":["GET"]}}],"collection":[{"href":"https:\/\/www.canal-literatura.com\/certamen\/index.php?rest_route=\/wp\/v2\/posts"}],"about":[{"href":"https:\/\/www.canal-literatura.com\/certamen\/index.php?rest_route=\/wp\/v2\/types\/post"}],"author":[{"embeddable":true,"href":"https:\/\/www.canal-literatura.com\/certamen\/index.php?rest_route=\/wp\/v2\/users\/1"}],"replies":[{"embeddable":true,"href":"https:\/\/www.canal-literatura.com\/certamen\/index.php?rest_route=%2Fwp%2Fv2%2Fcomments&post=168"}],"version-history":[{"count":2,"href":"https:\/\/www.canal-literatura.com\/certamen\/index.php?rest_route=\/wp\/v2\/posts\/168\/revisions"}],"predecessor-version":[{"id":598,"href":"https:\/\/www.canal-literatura.com\/certamen\/index.php?rest_route=\/wp\/v2\/posts\/168\/revisions\/598"}],"wp:attachment":[{"href":"https:\/\/www.canal-literatura.com\/certamen\/index.php?rest_route=%2Fwp%2Fv2%2Fmedia&parent=168"}],"wp:term":[{"taxonomy":"category","embeddable":true,"href":"https:\/\/www.canal-literatura.com\/certamen\/index.php?rest_route=%2Fwp%2Fv2%2Fcategories&post=168"},{"taxonomy":"post_tag","embeddable":true,"href":"https:\/\/www.canal-literatura.com\/certamen\/index.php?rest_route=%2Fwp%2Fv2%2Ftags&post=168"}],"curies":[{"name":"wp","href":"https:\/\/api.w.org\/{rel}","templated":true}]}}