{"id":167,"date":"2005-04-01T14:15:04","date_gmt":"2005-04-01T13:15:04","guid":{"rendered":"https:\/\/www.canal-literatura.com\/certamen\/?p=167"},"modified":"2018-02-11T20:48:03","modified_gmt":"2018-02-11T19:48:03","slug":"programa-previsto-de-entrevista-en-el-canal-literatura","status":"publish","type":"post","link":"https:\/\/www.canal-literatura.com\/certamen\/?p=167","title":{"rendered":"Programa previsto de Entrevista en el canal Literatura"},"content":{"rendered":"<div class=\"pdfprnt-buttons pdfprnt-buttons-post pdfprnt-top-right\"><a href=\"https:\/\/www.canal-literatura.com\/certamen\/index.php?rest_route=%2Fwp%2Fv2%2Fposts%2F167&print=pdf\" class=\"pdfprnt-button pdfprnt-button-pdf\" target=\"_blank\" ><img decoding=\"async\" src=\"https:\/\/canal-literatura.com\/certamen\/wp\/wp-content\/plugins\/pdf-print\/images\/pdf.png\" alt=\"image_pdf\" title=\"Ver PDF\" \/><\/a><a href=\"https:\/\/www.canal-literatura.com\/certamen\/index.php?rest_route=%2Fwp%2Fv2%2Fposts%2F167&print=print\" class=\"pdfprnt-button pdfprnt-button-print\" target=\"_blank\" ><img decoding=\"async\" src=\"https:\/\/canal-literatura.com\/certamen\/wp\/wp-content\/plugins\/pdf-print\/images\/print.png\" alt=\"image_print\" title=\"Imprimir contenido\" \/><\/a><\/div><p><b>Dia 4 de abril \u2013 22 horas-<br \/>\nTema: Edgar Allan Poe: Causas y efectos de un \u00e1ngel melanc\u00f3lico<\/b><\/p>\n<p>Un cl\u00e1sico como Edgar Allan Poe analizado a partir de su vida y su contexto. Por qu\u00e9 fue un punto de inflexi\u00f3n que conmocion\u00f3 tanto a Verne como a Ruben Dar\u00edo.<br \/>\n<b><a href=\"https:\/\/www.canal-literatura.com\/Colaboraciones\/Por_oscuras_escaleras.html\">Lee el articulo previo.<\/a><\/b><\/p>\n<p>Podr\u00e1s comentar todas tus impresiones con Sebasti\u00e1n Ariel Freijomil Vi\u00f1a, periodista argentino afincado en Espa\u00f1a y estudioso de autores como Jorge Luis Borges.<\/p>\n<p><b>Dia 6 de abril \u2013 22 horas-<br \/>\nEntrevista a Jos\u00e9 Belmonte Serrano. Miembro del jurado del II certamen. Cr\u00edtico Literario del Diario \u201cLa Verdad\u201d.<\/b><\/p>\n<p>\u00bfTe gustar\u00eda saber c\u00f3mo valorar una obra literaria?<br \/>\n\u00bfConocer sus libros? Jos\u00e9 Belmonte ha publicado estudios y ediciones cr\u00edticas de autores como Jos\u00e9 Guti\u00e9rrez-Solana, Jos\u00e9 Luis Castillo-Puche, Arturo P\u00e9rez-Reverte, Francisco Garc\u00eda Pav\u00f3n y Luis Coloma, entre otros.<\/p>\n<p><a href=\"https:\/\/canal-literatura.com\/blog\/zona-literaria\/d-jose-belmonte-serrano-presidente-de-honor-de-la-asociacion-canal-literatura\/\" target=\"_blank\" rel=\"noopener\"><b>P\u00e1gina de Jos\u00e9 Belmonte.<\/b><\/a><\/p>\n<p><b>Dia 11 de abril \u2013 22 horas-<br \/>\nEntrevista a Jos\u00e9 Hernandez. Miembro del jurado del II certamen. Premiado por la Uni\u00f3n Europea por su trabajo en web educativas.<\/b><\/p>\n<p>Conocedor de la inquietud y el atractivo creciente de internet entre los j\u00f3venes, ha creado propuestas educativas a trav\u00e9s de este medio que han sido reconocidas y premiadas en varias ocasiones.<\/p>\n<p><b><a href=\"https:\/\/www.canal-literatura.com\/hernandez.html\">P\u00e1gina de Jos\u00e9 Hern\u00e1ndez.<\/a><\/b><\/p>\n","protected":false},"excerpt":{"rendered":"<p>Dia 4 de abril \u2013 22 horas- Tema: Edgar Allan Poe: Causas y efectos de un \u00e1ngel melanc\u00f3lico Un cl\u00e1sico como Edgar Allan Poe analizado a partir de su vida y su contexto. Por qu\u00e9 fue un punto de inflexi\u00f3n que conmocion\u00f3 tanto a Verne como a Ruben Dar\u00edo. Lee el articulo previo. Podr\u00e1s comentar [&hellip;]<\/p>\n","protected":false},"author":1,"featured_media":0,"comment_status":"closed","ping_status":"closed","sticky":false,"template":"","format":"standard","meta":{"footnotes":""},"categories":[2],"tags":[],"class_list":["post-167","post","type-post","status-publish","format-standard","hentry","category-noticia"],"_links":{"self":[{"href":"https:\/\/www.canal-literatura.com\/certamen\/index.php?rest_route=\/wp\/v2\/posts\/167","targetHints":{"allow":["GET"]}}],"collection":[{"href":"https:\/\/www.canal-literatura.com\/certamen\/index.php?rest_route=\/wp\/v2\/posts"}],"about":[{"href":"https:\/\/www.canal-literatura.com\/certamen\/index.php?rest_route=\/wp\/v2\/types\/post"}],"author":[{"embeddable":true,"href":"https:\/\/www.canal-literatura.com\/certamen\/index.php?rest_route=\/wp\/v2\/users\/1"}],"replies":[{"embeddable":true,"href":"https:\/\/www.canal-literatura.com\/certamen\/index.php?rest_route=%2Fwp%2Fv2%2Fcomments&post=167"}],"version-history":[{"count":3,"href":"https:\/\/www.canal-literatura.com\/certamen\/index.php?rest_route=\/wp\/v2\/posts\/167\/revisions"}],"predecessor-version":[{"id":600,"href":"https:\/\/www.canal-literatura.com\/certamen\/index.php?rest_route=\/wp\/v2\/posts\/167\/revisions\/600"}],"wp:attachment":[{"href":"https:\/\/www.canal-literatura.com\/certamen\/index.php?rest_route=%2Fwp%2Fv2%2Fmedia&parent=167"}],"wp:term":[{"taxonomy":"category","embeddable":true,"href":"https:\/\/www.canal-literatura.com\/certamen\/index.php?rest_route=%2Fwp%2Fv2%2Fcategories&post=167"},{"taxonomy":"post_tag","embeddable":true,"href":"https:\/\/www.canal-literatura.com\/certamen\/index.php?rest_route=%2Fwp%2Fv2%2Ftags&post=167"}],"curies":[{"name":"wp","href":"https:\/\/api.w.org\/{rel}","templated":true}]}}