{"id":162,"date":"2005-03-03T20:25:30","date_gmt":"2005-03-03T19:25:30","guid":{"rendered":"https:\/\/www.canal-literatura.com\/certamen\/?p=162"},"modified":"2018-02-09T00:27:59","modified_gmt":"2018-02-08T23:27:59","slug":"121-verano-del-nilo","status":"publish","type":"post","link":"https:\/\/www.canal-literatura.com\/certamen\/?p=162","title":{"rendered":"121. Varano del Nilo"},"content":{"rendered":"<div class=\"pdfprnt-buttons pdfprnt-buttons-post pdfprnt-top-right\"><a href=\"https:\/\/www.canal-literatura.com\/certamen\/index.php?rest_route=%2Fwp%2Fv2%2Fposts%2F162&print=pdf\" class=\"pdfprnt-button pdfprnt-button-pdf\" target=\"_blank\" ><img decoding=\"async\" src=\"https:\/\/canal-literatura.com\/certamen\/wp\/wp-content\/plugins\/pdf-print\/images\/pdf.png\" alt=\"image_pdf\" title=\"Ver PDF\" \/><\/a><a href=\"https:\/\/www.canal-literatura.com\/certamen\/index.php?rest_route=%2Fwp%2Fv2%2Fposts%2F162&print=print\" class=\"pdfprnt-button pdfprnt-button-print\" target=\"_blank\" ><img decoding=\"async\" src=\"https:\/\/canal-literatura.com\/certamen\/wp\/wp-content\/plugins\/pdf-print\/images\/print.png\" alt=\"image_print\" title=\"Imprimir contenido\" \/><\/a><\/div><p>&nbsp;<\/p>\n<p style=\"text-align: justify;\">Varano: m. Gran reptil saurio del grupo de los lagartos, de patas cortas, cuello largo y lengua b\u00edfida: los varanos son carn\u00edvoros y carro\u00f1eros.<\/p>\n<p style=\"text-align: justify;\">Pocos saben que a pocos metros de la Mezquita de C\u00f3rdoba, bajo la plaza de Benavente, frente al Hospital del Buen Pastor, est\u00e1 todo hueco.<!--more--><br \/>\nYa se sospechaba desde mitad del siglo XIX cuando excavando en una de las pocas remodelaciones de los aleda\u00f1os, a don Pedro Mart\u00ednez Astorga se le despidi\u00f3 por mandato del Ayuntamiento cordob\u00e9s. Nunca se supo el motivo de esa injusticia pero fue merecida.<br \/>\nNo se puede andar diciendo que todo por debajo de esa plaza y de algunas casas con edificios de toda vida, esta vac\u00edo. Y peor: que todo es un pantano subterr\u00e1neo.<br \/>\nEn los a\u00f1os de la peste hubo epidemia de reuma en esa parte de la ciudad. Se silenci\u00f3. Nadie quer\u00eda darse a especular que debajo de su casa no hab\u00eda nada, o a lo menos, lo que hab\u00eda era humedad antigua.<br \/>\nLa ciudad creci\u00f3 y las nuevas generaciones perdieron la pista de los rumores de sus mayores. Durante la guerra un viejo de la calle Almanzor, ocupado en encontrar un refugio seguro, sugiri\u00f3 otra vez esa historia.<br \/>\nSe le reconoci\u00f3 su actitud servicial y colaboradora, pero nadie se crey\u00f3 esa historia que juzgaron fabulosa: un hueco inmenso parecido a un pantano con algunas lluvias estancadas, y oscuro.<br \/>\nFue la iglesia, como casi siempre buscadora de una verdad \u00faltima, quien desde un convento cercano puso orden a tanto misterio.<br \/>\nS\u00ed, esa zona era un pantano, decret\u00f3. Y en el hab\u00eda varanos.<br \/>\nTambi\u00e9n, y otra vez, fue aquietado el anuncio.<\/p>\n<p style=\"text-align: justify;\">Los religiosos hab\u00edan cavado casi quince metros una tierra nada d\u00f3cil y llegaron a ver el pantano.<br \/>\nEl fraile segundo del convento lo bautiz\u00f3 como \u201cLa palangana del Varano\u201d.<br \/>\nMateo Fern\u00e1ndez Curiel, un escritor tosco y pretendidamente po\u00e9tico de aquellos a\u00f1os escrib\u00eda a una mujer, tal vez amante, una carta donde testificaba el hecho:<br \/>\n\u201c&#8230;un varano ah\u00ed mismo es inexplicable. Don Eliseo, el fraile en cuesti\u00f3n, hab\u00eda visto un par de ellos en el Nilo abajo, cuando se adentr\u00f3 en el \u00c1frica verdadera. Es una lagartija inmensa de casi dos metros con el lomo manchado en negro y amarillo con escamas algo pestilentes. Gran nadador y de piel apreciada. Es curioso que viva normalmente en manglares de Australia y hasta se conoce un esp\u00e9cimen muy grande con el nombre de drag\u00f3n de C\u00f3modo.<\/p>\n<p style=\"text-align: justify;\">\u201cAquel reptil parec\u00eda el amo de toda esa laguna subterr\u00e1nea cordobesa.<br \/>\n\u201cPocos fueron los que se alejaron de la boca del pozo. El que m\u00e1s, Antonio C\u00e1ceres, estudiante de zoolog\u00eda en Salamanca pero vecino del barrio, que por joven era tambi\u00e9n intr\u00e9pido.<br \/>\n\u201cCont\u00f3 que varanos varanos, solo hab\u00eda uno.<br \/>\n\u201cLos dem\u00e1s eran saurios con toda su familia rastrera, escamosa y brillante: gecos, salamanquesas, iguanas, lagartos, camaleones. Lagartijas- Vio incluso dos eslizones y el gran Vadamo, que le impresion\u00f3 sobremanera.<br \/>\n\u201cDespu\u00e9s de unas cuantas horas de aventura, el principal del convento le ri\u00f1\u00f3 a Antonio sobremanera por su osad\u00eda al alejarse tanto tiempo de la boca del pozo y solo alumbrado por una l\u00e1mpara de keros\u00e9n desvencijada.<\/p>\n<p style=\"text-align: justify;\">\u201cA el le pudo m\u00e1s la curiosidad al saber que gritando en el pantano, el eco se resolv\u00eda siempre en diecisiete n\u00fameros bien contados. Estudi\u00f3 de unos apuntes de un dominico venido de Lovaina el fen\u00f3meno y los ffrailes constataron por c\u00e1lculos complicados, que aquello era verdaderamente inmenso.<br \/>\n\u201cUna vegetaci\u00f3n nada exuberante pero tampoco rala hace que la \u201cPalangana del Varano\u201d sea un h\u00e1bitat confortable para estos saurios.<br \/>\n\u201cLos frailes se preguntaban ya esos a\u00f1os que por m\u00e1s animales asquerosos y rastreros que fueran, necesitaban aire donde respirar sus angustias.<br \/>\n\u201cLa reflexi\u00f3n no ha sido nunca ampliada, pero el secreto del pantano ya lo saben muchos iniciados\u201d<\/p>\n<p style=\"text-align: justify;\">El relato es m\u00e1s largo pero se adentra en la bot\u00e1nica con nombres latinos innecesarios para este relato.<br \/>\nUna carta llegada al convento aventur\u00f3 que en la manzana que hace justo el centro del pantano un magnate que hizo fortuna en Am\u00e9rica mand\u00f3 a construir una chimenea con una profundidad tal que airea a tanto bicho maligno.<br \/>\nAntonio C\u00e1ceres muri\u00f3 hace unos meses alucinando lo que siempre hab\u00eda elucubrado: un ej\u00e9rcito de lagartos y salamandras invadir\u00edan a su muerte los inodoros del barrio para terror de las adolescentes del barrio.<\/p>\n<p>&nbsp;<\/p>\n","protected":false},"excerpt":{"rendered":"<p>&nbsp; Varano: m. Gran reptil saurio del grupo de los lagartos, de patas cortas, cuello largo y lengua b\u00edfida: los varanos son carn\u00edvoros y carro\u00f1eros. Pocos saben que a pocos metros de la Mezquita de C\u00f3rdoba, bajo la plaza de Benavente, frente al Hospital del Buen Pastor, est\u00e1 todo hueco.<\/p>\n","protected":false},"author":1,"featured_media":0,"comment_status":"closed","ping_status":"closed","sticky":false,"template":"","format":"standard","meta":{"footnotes":""},"categories":[4],"tags":[],"class_list":["post-162","post","type-post","status-publish","format-standard","hentry","category-relato"],"_links":{"self":[{"href":"https:\/\/www.canal-literatura.com\/certamen\/index.php?rest_route=\/wp\/v2\/posts\/162","targetHints":{"allow":["GET"]}}],"collection":[{"href":"https:\/\/www.canal-literatura.com\/certamen\/index.php?rest_route=\/wp\/v2\/posts"}],"about":[{"href":"https:\/\/www.canal-literatura.com\/certamen\/index.php?rest_route=\/wp\/v2\/types\/post"}],"author":[{"embeddable":true,"href":"https:\/\/www.canal-literatura.com\/certamen\/index.php?rest_route=\/wp\/v2\/users\/1"}],"replies":[{"embeddable":true,"href":"https:\/\/www.canal-literatura.com\/certamen\/index.php?rest_route=%2Fwp%2Fv2%2Fcomments&post=162"}],"version-history":[{"count":4,"href":"https:\/\/www.canal-literatura.com\/certamen\/index.php?rest_route=\/wp\/v2\/posts\/162\/revisions"}],"predecessor-version":[{"id":352,"href":"https:\/\/www.canal-literatura.com\/certamen\/index.php?rest_route=\/wp\/v2\/posts\/162\/revisions\/352"}],"wp:attachment":[{"href":"https:\/\/www.canal-literatura.com\/certamen\/index.php?rest_route=%2Fwp%2Fv2%2Fmedia&parent=162"}],"wp:term":[{"taxonomy":"category","embeddable":true,"href":"https:\/\/www.canal-literatura.com\/certamen\/index.php?rest_route=%2Fwp%2Fv2%2Fcategories&post=162"},{"taxonomy":"post_tag","embeddable":true,"href":"https:\/\/www.canal-literatura.com\/certamen\/index.php?rest_route=%2Fwp%2Fv2%2Ftags&post=162"}],"curies":[{"name":"wp","href":"https:\/\/api.w.org\/{rel}","templated":true}]}}