{"id":135,"date":"2005-03-01T14:53:48","date_gmt":"2005-03-01T13:53:48","guid":{"rendered":"https:\/\/www.canal-literatura.com\/certamen\/?p=135"},"modified":"2018-02-09T02:03:21","modified_gmt":"2018-02-09T01:03:21","slug":"95-las-piedras","status":"publish","type":"post","link":"https:\/\/www.canal-literatura.com\/certamen\/?p=135","title":{"rendered":"95. Las piedras"},"content":{"rendered":"<div class=\"pdfprnt-buttons pdfprnt-buttons-post pdfprnt-top-right\"><a href=\"https:\/\/www.canal-literatura.com\/certamen\/index.php?rest_route=%2Fwp%2Fv2%2Fposts%2F135&print=pdf\" class=\"pdfprnt-button pdfprnt-button-pdf\" target=\"_blank\" ><img decoding=\"async\" src=\"https:\/\/canal-literatura.com\/certamen\/wp\/wp-content\/plugins\/pdf-print\/images\/pdf.png\" alt=\"image_pdf\" title=\"Ver PDF\" \/><\/a><a href=\"https:\/\/www.canal-literatura.com\/certamen\/index.php?rest_route=%2Fwp%2Fv2%2Fposts%2F135&print=print\" class=\"pdfprnt-button pdfprnt-button-print\" target=\"_blank\" ><img decoding=\"async\" src=\"https:\/\/canal-literatura.com\/certamen\/wp\/wp-content\/plugins\/pdf-print\/images\/print.png\" alt=\"image_print\" title=\"Imprimir contenido\" \/><\/a><\/div><p style=\"text-align: justify;\">El catorce de Febrero, en uno de sus paseos matutinos, Don Ferm\u00edn, el m\u00e9dico y farmac\u00e9utico, encontr\u00f3 la primera de las piedras;<!--more--> esos dados perfectos del tama\u00f1o de un erizo grande, llenos de grabados misteriosos que a veces parecen ser palabras en un leguaje desconocido y otras mapas del fondo marino.<br \/>\nAl principio lo puso en su consulta, pero cuando advirti\u00f3 las miradas codiciosas, la guard\u00f3.<br \/>\nA la semana fue F\u00e1tima. La encontr\u00f3 entre las rocas del faro. En seguida la coloc\u00f3 en uno de los estantes de su \u00abtienda para todo\u00bb; al alcance de todas las miradas, pero de ninguna mano&#8230; aunque tampoco tard\u00f3 mucho en esconderla.<br \/>\nLuego, aparecieron m\u00e1s y cada vez con mayor frecuencia y aunque nadie se pregunto de donde sal\u00edan, todos quer\u00edan tener una.<br \/>\nMascaraque, el profesor de escuela, se atrevi\u00f3 a llevarla al colegio y desapareci\u00f3. Dice que se la rob\u00f3 la clase. Desde entonces est\u00e1 de mal humor y es cruel con los ni\u00f1os.<br \/>\nYo encontr\u00e9 mi piedra buceando, como todo el mundo sabe, abajo del acantilado. La vi porque me llamaba con destellos. Hasta ese momento, no les hab\u00eda concedido mucha importancia, pero en cuanto la saqu\u00e9 del mar, tuve ese fuerte deseo de exhibirla. Luego, con la fascinaci\u00f3n tambi\u00e9n lleg\u00f3 el arrepentimiento. Me quedaba horas vigil\u00e1ndola, admir\u00e1ndola, embelesado. A veces me sorprend\u00eda la madrugada aferrado al cubo y me asombraba ver luz en casas vecinas.<br \/>\nLuego vinieron las noches insomnes y noct\u00e1mbulas, los sue\u00f1os interrumpidos por sue\u00f1os sin sentido, las ma\u00f1anas enrarecidas, los v\u00f3mitos transparentes y el caf\u00e9 con sabor a mar.<br \/>\nLuego las llamadas. Vagas al principio, luego, progresivamente, m\u00e1s insistentes, obsesivas, y por fin, ineludibles&#8230; y tuve que acudir&#8230; Cog\u00ed la piedra y me dirig\u00ed a la playa. Era de noche, pero el pueblo estaba despierto. Como una procesi\u00f3n de condenados cruzamos el pueblo.<\/p>\n<p>Creo que todos entendimos a la vez, cuando ya era demasiado tarde.<\/p>\n<p style=\"text-align: justify;\">Y ahora estamos aqu\u00ed, en la orilla, esperando devotamente, vigilando la superficie del agua, esperando que se rasgue de un momento a otro, ya casi veo sus cuerpos salir del mar&#8230; quiero ser el primero en entregarme al amo.<\/p>\n<p>&nbsp;<\/p>\n","protected":false},"excerpt":{"rendered":"<p>El catorce de Febrero, en uno de sus paseos matutinos, Don Ferm\u00edn, el m\u00e9dico y farmac\u00e9utico, encontr\u00f3 la primera de las piedras;<\/p>\n","protected":false},"author":1,"featured_media":0,"comment_status":"closed","ping_status":"closed","sticky":false,"template":"","format":"standard","meta":{"footnotes":""},"categories":[4],"tags":[],"class_list":["post-135","post","type-post","status-publish","format-standard","hentry","category-relato"],"_links":{"self":[{"href":"https:\/\/www.canal-literatura.com\/certamen\/index.php?rest_route=\/wp\/v2\/posts\/135","targetHints":{"allow":["GET"]}}],"collection":[{"href":"https:\/\/www.canal-literatura.com\/certamen\/index.php?rest_route=\/wp\/v2\/posts"}],"about":[{"href":"https:\/\/www.canal-literatura.com\/certamen\/index.php?rest_route=\/wp\/v2\/types\/post"}],"author":[{"embeddable":true,"href":"https:\/\/www.canal-literatura.com\/certamen\/index.php?rest_route=\/wp\/v2\/users\/1"}],"replies":[{"embeddable":true,"href":"https:\/\/www.canal-literatura.com\/certamen\/index.php?rest_route=%2Fwp%2Fv2%2Fcomments&post=135"}],"version-history":[{"count":2,"href":"https:\/\/www.canal-literatura.com\/certamen\/index.php?rest_route=\/wp\/v2\/posts\/135\/revisions"}],"predecessor-version":[{"id":384,"href":"https:\/\/www.canal-literatura.com\/certamen\/index.php?rest_route=\/wp\/v2\/posts\/135\/revisions\/384"}],"wp:attachment":[{"href":"https:\/\/www.canal-literatura.com\/certamen\/index.php?rest_route=%2Fwp%2Fv2%2Fmedia&parent=135"}],"wp:term":[{"taxonomy":"category","embeddable":true,"href":"https:\/\/www.canal-literatura.com\/certamen\/index.php?rest_route=%2Fwp%2Fv2%2Fcategories&post=135"},{"taxonomy":"post_tag","embeddable":true,"href":"https:\/\/www.canal-literatura.com\/certamen\/index.php?rest_route=%2Fwp%2Fv2%2Ftags&post=135"}],"curies":[{"name":"wp","href":"https:\/\/api.w.org\/{rel}","templated":true}]}}