{"id":133,"date":"2005-03-01T14:47:04","date_gmt":"2005-03-01T13:47:04","guid":{"rendered":"https:\/\/www.canal-literatura.com\/certamen\/?p=133"},"modified":"2018-02-09T01:25:44","modified_gmt":"2018-02-09T00:25:44","slug":"93-el-dia-que-perdi-mi-imaginacion","status":"publish","type":"post","link":"https:\/\/www.canal-literatura.com\/certamen\/?p=133","title":{"rendered":"93. El d\u00eda que perd\u00ed la imaginaci\u00f3n."},"content":{"rendered":"<div class=\"pdfprnt-buttons pdfprnt-buttons-post pdfprnt-top-right\"><a href=\"https:\/\/www.canal-literatura.com\/certamen\/index.php?rest_route=%2Fwp%2Fv2%2Fposts%2F133&print=pdf\" class=\"pdfprnt-button pdfprnt-button-pdf\" target=\"_blank\" ><img decoding=\"async\" src=\"https:\/\/canal-literatura.com\/certamen\/wp\/wp-content\/plugins\/pdf-print\/images\/pdf.png\" alt=\"image_pdf\" title=\"Ver PDF\" \/><\/a><a href=\"https:\/\/www.canal-literatura.com\/certamen\/index.php?rest_route=%2Fwp%2Fv2%2Fposts%2F133&print=print\" class=\"pdfprnt-button pdfprnt-button-print\" target=\"_blank\" ><img decoding=\"async\" src=\"https:\/\/canal-literatura.com\/certamen\/wp\/wp-content\/plugins\/pdf-print\/images\/print.png\" alt=\"image_print\" title=\"Imprimir contenido\" \/><\/a><\/div><p style=\"text-align: justify;\">Recuerdo perfectamente un d\u00eda que volviendo de la escuela no s\u00e9 porque me dije a mi misma, el d\u00eda en que pierda mi imaginaci\u00f3n ser\u00e1 el d\u00eda en que muera como persona. Parece un pensamiento demasiado profundo pero realmente lo cre\u00eda.<!--more--><br \/>\nCuando te das cuenta de estas cosas, miles de dudas existencialistas invaden tu mente, se entrelazan, como mariposas que juegan, que revolotean sobre una campo inmenso de flores silvestres. Te has preguntado alguna vez d\u00f3nde est\u00e1n las ideas? A mi me gusta pensar en esa met\u00e1fora de las mariposas.<br \/>\nImagina tu cr\u00e1neo, pero no te quedes ah\u00ed, profundiza, m\u00e1s adentro aun. Ves ya el cerebro flotando, protegido por l\u00edquido cefalorraqu\u00eddeo. La superficie del cerebro es el campo de flores silvestres, todas esas flores crecen gracias a lo que se encuentra debajo del suelo, las flores consiguen comunicarse entre ellas, una tarea relativamente f\u00e1cil gracias a la colaboraci\u00f3n de las amables mariposas que vuelan sobre un cielo h\u00famedo; l\u00edquido, delimitado por una capa de ozono \u00f3sea.<br \/>\nUna vez intent\u00e9 fotografiar este bonito paraje a trav\u00e9s de mi ojo izquierdo pero fue una tarea en vano, deb\u00ed intentarlo por el ojo derecho, seguramente a la hora en que lo hice oscurec\u00eda ya en ese hemisferio&#8230;<\/p>\n<p style=\"text-align: justify;\">Quiz\u00e1 te recuerda un poco a las leyes asociacionistas, pero de todas formas yo me he percatado que no todo el mundo tiene mariposas entrelazando sus ideas ni tampoco iguales campos de flores.<br \/>\nA veces quisiera escapar volando de mi misma. Hace alg\u00fan tiempo ya que dej\u00e9 de comer, espero no tener que esperar mucho para que el viento pueda elevarme. Tengo muchas ganas que llegue ese d\u00eda, tal es mi ansia que por las noches cuando consigo conciliar el sue\u00f1o, varias horas despu\u00e9s de haberme acostado, mi ello inconsciente busca saciar instant\u00e1neamente ese deseo a trav\u00e9s de los sue\u00f1os.<br \/>\nSaciar los deseos&#8230; A mi me gusta hablar de deseos brillantes en lugar de deseos oscuros, como hace la mayor\u00eda de la gente. Los deseos brillantes son como los deseos oscuros, te averg\u00fcenzas igual de ellos y puedes temer cont\u00e1rselos incluso a la persona en quien m\u00e1s conf\u00edas, por miedo a lo que pueda pensar de ti. Los anhelas con la misma magnitud. La diferencia es, como todo el mundo sabe, que las cosas oscuras no iluminan, no te cegan con luz propia; los deseos brillantes s\u00ed.<br \/>\nNo s\u00e9 porqu\u00e9, pero yo no logro avergonzarme de mi deseo m\u00e1s brillante, nunca se lo he contado a nadie, pero no por miedo o verg\u00fcenza sino porque aun busco a alguien a quien confes\u00e1rselo, alguien especial con muchos deseos brillantes guardados en su interior a la espera de encontrarme a m\u00ed y a mi deseo.<br \/>\nTe lo confesar\u00e9, igual tu sepas mejor que yo a quien busco&#8230;<br \/>\nVisto poca ropa, hace mucho calor. No hay ning\u00fan ruido. Me gusta esta especie de silencio sosegado. De repente una corriente de agua moja mis tobillos; es un embalse. Nada m\u00e1s. Alg\u00fan que otro salto de alg\u00fan que otro pez, alg\u00fan que otro canto de alg\u00fan que otro p\u00e1jaro y alg\u00fan que otro susurro de alg\u00fan que otro viento que mece suavemente las hojas de alg\u00fan que otro \u00e1rbol. Nada m\u00e1s. Mis manos son acariciadas por un l\u00edquido de textura suave y a la vez viscosa, una sensaci\u00f3n agradable, un peque\u00f1o placer. Miles de colores inundan mis ojos, los manipulo, los entremezclo, bailo a su son, me fundo con ellos a la luz del atardecer. Por fin lo he terminado. Precioso lienzo pintado con mis dedos, convertidos en pinceles durante unas horas. Y all\u00ed est\u00e1, mir\u00e1ndome, bajo aqu\u00e9l \u00e1rbol, impasible, con esa mirada que me hiela la sangre, que me paraliza, que me desconcierta&#8230; que me atrae&#8230;<br \/>\nSoy yo misma observ\u00e1ndome a lo lejos, a la espera de poder intervenir. Quiero traerla conmigo. Ella es mi yo verdadero, mi infancia, mi imaginaci\u00f3n, mi vitalidad, mi alegr\u00eda, mi esperanza&#8230; Le ofrezco mi mano, aunque s\u00e9 que es in\u00fatil, ella no quiere venir conmigo. Detr\u00e1s de mi ve el aut\u00e9ntico aspecto del embalse, el aut\u00e9ntico aspecto de la vida; es un paraje demasiado l\u00fagubre para ella, no tardar\u00eda en escapar.<br \/>\nLo dejar\u00e9 estar. Que siga brillando aunque sea escondida dentro de ese ata\u00fad a la espera de quien logre sacarla, alguien que la ayude a romper la c\u00e1scara del mundo&#8230;<\/p>\n","protected":false},"excerpt":{"rendered":"<p>Recuerdo perfectamente un d\u00eda que volviendo de la escuela no s\u00e9 porque me dije a mi misma, el d\u00eda en que pierda mi imaginaci\u00f3n ser\u00e1 el d\u00eda en que muera como persona. Parece un pensamiento demasiado profundo pero realmente lo cre\u00eda.<\/p>\n","protected":false},"author":1,"featured_media":0,"comment_status":"closed","ping_status":"closed","sticky":false,"template":"","format":"standard","meta":{"footnotes":""},"categories":[4],"tags":[],"class_list":["post-133","post","type-post","status-publish","format-standard","hentry","category-relato"],"_links":{"self":[{"href":"https:\/\/www.canal-literatura.com\/certamen\/index.php?rest_route=\/wp\/v2\/posts\/133","targetHints":{"allow":["GET"]}}],"collection":[{"href":"https:\/\/www.canal-literatura.com\/certamen\/index.php?rest_route=\/wp\/v2\/posts"}],"about":[{"href":"https:\/\/www.canal-literatura.com\/certamen\/index.php?rest_route=\/wp\/v2\/types\/post"}],"author":[{"embeddable":true,"href":"https:\/\/www.canal-literatura.com\/certamen\/index.php?rest_route=\/wp\/v2\/users\/1"}],"replies":[{"embeddable":true,"href":"https:\/\/www.canal-literatura.com\/certamen\/index.php?rest_route=%2Fwp%2Fv2%2Fcomments&post=133"}],"version-history":[{"count":3,"href":"https:\/\/www.canal-literatura.com\/certamen\/index.php?rest_route=\/wp\/v2\/posts\/133\/revisions"}],"predecessor-version":[{"id":365,"href":"https:\/\/www.canal-literatura.com\/certamen\/index.php?rest_route=\/wp\/v2\/posts\/133\/revisions\/365"}],"wp:attachment":[{"href":"https:\/\/www.canal-literatura.com\/certamen\/index.php?rest_route=%2Fwp%2Fv2%2Fmedia&parent=133"}],"wp:term":[{"taxonomy":"category","embeddable":true,"href":"https:\/\/www.canal-literatura.com\/certamen\/index.php?rest_route=%2Fwp%2Fv2%2Fcategories&post=133"},{"taxonomy":"post_tag","embeddable":true,"href":"https:\/\/www.canal-literatura.com\/certamen\/index.php?rest_route=%2Fwp%2Fv2%2Ftags&post=133"}],"curies":[{"name":"wp","href":"https:\/\/api.w.org\/{rel}","templated":true}]}}