{"id":130,"date":"2005-03-01T12:31:29","date_gmt":"2005-03-01T11:31:29","guid":{"rendered":"https:\/\/www.canal-literatura.com\/certamen\/?p=130"},"modified":"2018-02-09T02:07:24","modified_gmt":"2018-02-09T01:07:24","slug":"91-el-laberinto-personal","status":"publish","type":"post","link":"https:\/\/www.canal-literatura.com\/certamen\/?p=130","title":{"rendered":"91. El laberinto Personal"},"content":{"rendered":"<div class=\"pdfprnt-buttons pdfprnt-buttons-post pdfprnt-top-right\"><a href=\"https:\/\/www.canal-literatura.com\/certamen\/index.php?rest_route=%2Fwp%2Fv2%2Fposts%2F130&print=pdf\" class=\"pdfprnt-button pdfprnt-button-pdf\" target=\"_blank\" ><img decoding=\"async\" src=\"https:\/\/canal-literatura.com\/certamen\/wp\/wp-content\/plugins\/pdf-print\/images\/pdf.png\" alt=\"image_pdf\" title=\"Ver PDF\" \/><\/a><a href=\"https:\/\/www.canal-literatura.com\/certamen\/index.php?rest_route=%2Fwp%2Fv2%2Fposts%2F130&print=print\" class=\"pdfprnt-button pdfprnt-button-print\" target=\"_blank\" ><img decoding=\"async\" src=\"https:\/\/canal-literatura.com\/certamen\/wp\/wp-content\/plugins\/pdf-print\/images\/print.png\" alt=\"image_print\" title=\"Imprimir contenido\" \/><\/a><\/div><p>A Silvia,<br \/>\nla estrella que<br \/>\nilumina mi vida<br \/>\ny en torno a la cual<br \/>\ngira mi mundo.<!--more--><\/p>\n<p>PR\u00d3LOGO<\/p>\n<p style=\"text-align: justify;\">Marta entr\u00f3 sola al servicio. Estaba molesta con su amiga, le parec\u00eda una p\u00e9rdida de tiempo la visita que estaban realizando y hab\u00eda intentado convencerla de no hacerlo, pero no lo consigui\u00f3. En \u00e9pocas de ex\u00e1menes, la ansiedad estaba por las nubes y los nervios a flor de piel, haci\u00e9ndose muy frecuentes las visitas al aseo. De repente, son\u00f3 el m\u00f3vil:<br \/>\n-\u00bfQu\u00e9 quieres ahora?, -dijo Marta-.<br \/>\n-No lo habr\u00e1s hecho, \u00bfverdad? -contest\u00f3 una voz encolerizada-.<br \/>\n-Espera un momento por favor\u2026<br \/>\nMarta quer\u00eda salir pero no lo consegu\u00eda. Estaba a punto de hacerlo, pero con el tel\u00e9fono en la mano le costaba m\u00e1s. Mientras se esforzaba, el hombre segu\u00eda hablando.<br \/>\n-\u00a1Por favor no lo hagas!, \u00a1dime d\u00f3nde estas!<br \/>\nHizo un \u00faltimo esfuerzo y al tirar fuertemente hacia ella, lo consigui\u00f3.<br \/>\n-\u00bfMarta?, \u00a1es que no me oyes! \u00a1Luego hablaremos t\u00fa y yo sobre el laberinto! -y tras escuchar un golpe seco, cort\u00f3 la comunicaci\u00f3n-.<br \/>\nPero para Marta ya era demasiado tarde, el cuarto le daba vueltas en la cabeza, la imagen se le hacia cada vez m\u00e1s blanca y borrosa y, a pesar de los gritos desde el otro lado del tel\u00e9fono, la voz se le hac\u00eda lejana.<br \/>\nSu cuerpo se desplom\u00f3.<\/p>\n<p>LA HISTORIA<\/p>\n<p style=\"text-align: justify;\">En la primera planta del Museo de la Ciudad de Murcia, a una chica joven, de medidas perfectas, ojos de esmeralda y cabello largo, le parec\u00eda muy interesante lo que estaba leyendo, al maestro que realiz\u00f3 la \u201ccadena de piedra\u201d que rodea el exterior de la Capilla de Los V\u00e9lez, le dejaron manco y ciego para que no pudiera realizar otra obra de igual belleza. Es una mujer extraordinaria, inquieta, un diamante en bruto que se pregunta por el por qu\u00e9 de las cosas y que no se conforma hasta que no comprende del todo la esencia de las mismas.<br \/>\nNo he debido dejarla sola, pens\u00f3 Silvia, y tras leer la leyenda se fue donde se encontraba su amiga. Con forme se acercaba, un ruido seco hizo que acelerara el paso. Al abrir la puerta del aseo, Marta estaba tendida en el suelo y, desde el otro lado del tel\u00e9fono, tirado junto al cuerpo de su amiga, una voz masculina gritaba acerca de un laberinto, hasta que el silencio inund\u00f3 el cuarto.<br \/>\nAhora no se encontraba incomoda y nerviosa por haber quedado con su compa\u00f1era, el miedo hab\u00eda invadido su cuerpo y sent\u00eda que la situaci\u00f3n le desbordaba. Aunque se hab\u00eda enfrentado con anterioridad a otras situaciones traum\u00e1ticas, como un trastorno epil\u00e9ptico que le sucedi\u00f3 a otra amiga y sab\u00eda como deb\u00eda actuar, su mente se qued\u00f3 en blanco. Se encontraba sola y estaba paralizada.<br \/>\nSi no fuese porque era una situaci\u00f3n imprevista en la que su amiga la necesitaba, ya se habr\u00eda marchado, o mejor a\u00fan, no habr\u00eda acudido a la cita, ya que ella evitaba las situaciones que requieren cierto esfuerzo personal, como prestar atenci\u00f3n en clase, hablar en p\u00fablico o preguntar una duda a un profesor. Pero a Silvia no le gustaba la forma en que actuaba en estas situaciones, no entend\u00eda por qu\u00e9 ten\u00eda que sentir nervios cuando quedaba con sus amigas, o por qu\u00e9 se sent\u00eda incapaz de poder empezar y terminar con \u00e9xito cualquier objetivo y esto le generaba un gran malestar. No hab\u00eda descubierto su fuerza interior, que evita que nos dejemos llevar por los dem\u00e1s y que nos ayuda en los momentos dif\u00edciles d\u00e1ndonos un empujoncito para enfrentarnos a los problemas, as\u00ed como fuerzas para superarlos. Es m\u00e1s, con el paso del tiempo, hab\u00eda aprendido con gran maestr\u00eda a evitar estos compromisos, lo que la hac\u00eda sentir m\u00e1s insegura de s\u00ed misma e incluso vac\u00eda cuando pensaba en las pocas actividades que realizaba, y la sensaci\u00f3n diaria de angustia era alimentada por su gran autoexigencia personal. Sin embargo, en los momentos cr\u00edticos, donde no pod\u00eda escapar, siempre sal\u00eda a relucir c\u00f3mo era realmente. Y no era mala porque su garra, valor e ingenio no hab\u00edan fallado nunca.<br \/>\nEn mil\u00e9simas de segundo, cientos de ideas le pasaron por su mente. \u00bfQu\u00e9 le habr\u00e1 pasado a Marta? Ella es diab\u00e9tica, \u00bfhabr\u00e1 perdido el conocimiento por una bajada de az\u00facar y, momentos antes de desmayarse, habr\u00e1 intentado pedir ayuda por tel\u00e9fono? \u00bfPero qui\u00e9n era ese hombre?, crey\u00f3 haber reconocido la voz de Fernando, el novio de Marta, \u00bfy qu\u00e9 quer\u00eda decir con eso del laberinto? \u00bfLe habr\u00e1n comunicado alguna mala noticia y se habr\u00e1 desmayado de la impresi\u00f3n? \u00bfSe encontrar\u00e1 Marta en alguna especie de laberinto? Yo pienso muchas veces que vivo en uno, dando vueltas una y otra vez por los callejones, mis problemas, sin poder alcanzar nunca la soluci\u00f3n, el centro del laberinto. Por un momento, Silvia hab\u00eda dejado de sentirse extasiada, sugestionada con la idea de la depresi\u00f3n y de vagar pensando en sus problemas sin buscar la soluci\u00f3n, y tom\u00f3 conciencia del mundo que le rodeaba.<br \/>\nEl instinto de supervivencia se hizo notar cuando pidi\u00f3 ayuda a voces:<br \/>\n-\u00a1Socorro! \u00a1Mi amiga est\u00e1 malherida! \u00a1Que venga alguien a ayudarme!<br \/>\n-Tranquila se\u00f1orita. \u00bfQu\u00e9 ha pasado?, -pregunt\u00f3 una gu\u00eda del museo que se hab\u00eda acercado corriendo hacia donde se encontraba-.<br \/>\n-Mi amiga. \u00bfNo lo ve? \u00a1No se mueve!, -dec\u00eda atemorizada-.<br \/>\n-\u00bfC\u00f3mo? \u00a1Pero si no deb\u00eda de entrar nadie aqu\u00ed! \u00bfNo ve el cartel de \u201cFuera de Servicio\u201d? La puerta interior est\u00e1 mal y esa chica podr\u00eda haberse quedado encerrada.<br \/>\nSilvia no sab\u00eda qu\u00e9 pensar, \u00bfpor qu\u00e9 estar\u00e1 haci\u00e9ndome tantas preguntas, es que no ve a Marta en el suelo inconsciente? Sab\u00eda que no hab\u00eda tiempo para explicaciones. En su interior algo estaba cambiando. Pens\u00f3 en qu\u00e9 deber\u00eda de hacer si no tuviera miedo y esto hizo que se tranquilizase y sintiese mejor.<br \/>\n-Por favor, vaya a llamar a una ambulancia. Mi amiga necesita ayuda, -dijo con voz serena pero tajante-.<br \/>\n-Ser\u00e1 mejor que no la mueva porque podr\u00eda causarle da\u00f1os mayores. Enseguida estoy con usted otra vez, -contest\u00f3 la gu\u00eda mientras se alejaba bajando las escaleras a toda prisa-.<br \/>\nNuevos pensamientos le invadieron de nuevo. Lo de esta chica es muy fuerte, \u00a1entrar al servicio haciendo caso omiso del cartel! Marta y ella se conoc\u00edan desde hac\u00eda a\u00f1os. Hab\u00edan salido de fiesta durante toda su adolescencia y los veranos en la playa hab\u00edan sido inolvidables. Juntas hab\u00edan vivido experiencias que quedar\u00e1n grabadas en sus mentes durante el resto de sus vidas. Sin embargo, siempre se hab\u00eda esforzado por caer bien a la gente y nunca hab\u00eda sido ella misma, llevando puesta una m\u00e1scara, incluso con sus amigas, que con el tiempo ocult\u00f3 su verdadera personalidad. En la actualidad, la envidia que sent\u00eda hacia Marta era fruto de su falta de identidad, pues ve\u00eda en ella un modelo a seguir, una imagen deseada en el espejo, aunque nunca se lo hab\u00eda confesado.<br \/>\nDebo adaptarme a los cambios, pues forman parte de la vida; disfrutar de \u00e9stos es aprender a ser feliz. Todo fluye, nada permanece. Pensando fr\u00edamente, se fue acercando hacia su compa\u00f1era. Seguro que puedo saber quien era con exactitud la persona con quien estaba hablando Marta antes de perder el conocimiento. Una vez que lo averig\u00fce, la llamar\u00e9 para preguntarle por la conversaci\u00f3n que hab\u00edan mantenido, por la salud de Marta y sobre el laberinto. Al coger el m\u00f3vil entre las manos suspir\u00f3 al comprobar que a\u00fan funcionaba correctamente. Qu\u00e9 fondo de pantalla m\u00e1s curioso. No sab\u00eda que a Marta le gustaba la simbolog\u00eda, pero cuando tenga la oportunidad le preguntar\u00e9 por su significado. A pesar de que el tel\u00e9fono no era suyo, no tuvo problemas en manejarlo y r\u00e1pidamente comprob\u00f3 que no se hab\u00eda equivocado, Fernando era el hombre que llam\u00f3 a Marta.<br \/>\nSilvia se sent\u00eda orgullosa de los logros que estaba realizando para descubrir lo que le hab\u00eda sucedido a su amiga, estaba tan concentrada que no se hab\u00eda percatado que la gu\u00eda y dos camilleros sub\u00edan por las escaleras.<br \/>\nEn un instante Marta descansaba sobre una camilla y se acerc\u00f3 a ella para darle un beso, \u00a1ver\u00e1s qu\u00e9 pronto te recuperas! Fue entonces cuando Silvia lo vio.<\/p>\n<p>LA REVELACI\u00d3N<\/p>\n<p style=\"text-align: justify;\">Junto a la Estaci\u00f3n de Termini de Roma, en un piso de estudiantes, Silvia y Alejandro disfrutaban de unos suculentos platos de macarrones que acababan de preparar ellos mismos. Hab\u00edan planeado realizar el viaje con bastante antelaci\u00f3n, como medio para desarrollar sus actitudes y aptitudes, disfrutar de la convivencia y aprender un poco de italiano mientras descubr\u00edan los misterios de la ciudad eterna.<br \/>\n-Silvia, me encanta esta historia. Cu\u00e9ntame qu\u00e9 pas\u00f3 con el laberinto.<br \/>\n-El pestillo de la puerta del ase\u00f3 cedi\u00f3 repentinamente con un \u00faltimo y gran esfuerzo que Marta realiz\u00f3, recibiendo un golpe en la cara que le hizo perder el conocimiento. Al caer se dio otros golpes con el lavabo y el suelo, sin embargo, en menos de una semana estaba recuperada, y sus heridas desaparecieron r\u00e1pidamente.<br \/>\n-Fue un accidente con fortuna, no s\u00f3lo no le pas\u00f3 nada grave a Marta, sino que adem\u00e1s signific\u00f3 un punto de inflexi\u00f3n en tu vida, aunque no hayan desaparecido totalmente tus heridas m\u00e1s de un a\u00f1o despu\u00e9s.<br \/>\n-El problema de Marta era diferente al m\u00edo. Ella deseaba hacerse un tatuaje en el cuello y, aunque a su novio no le parec\u00eda nada bien que se lo hiciera, es una mujer independiente que actu\u00f3 con forme a sus pensamientos aquella ma\u00f1ana dibuj\u00e1ndose aquel s\u00edmbolo que, para Fernando, parec\u00eda un laberinto. Ni siquiera me pidi\u00f3 consejo ni tuvo tiempo de ense\u00f1\u00e1rmelo. Sin embargo, mi situaci\u00f3n se parec\u00eda m\u00e1s a un circulo vicioso, mi autoestima estaba hundida, yo misma era una desconocida incluso para m\u00ed y el miedo me imped\u00eda enfrentarme a la vida y a desenvolverme por mi misma. La reacci\u00f3n que tom\u00e9 de evitaci\u00f3n a las situaciones de esfuerzo personal, me crearon m\u00e1s miedo e inseguridad, impidiendo que me desarrollara como persona.<br \/>\n-Lo importante es que desde el accidente, tomaste conciencia de que no pod\u00edas seguir actuando de la forma en que ven\u00edas haciendo. Te diste cuenta de que si quer\u00edas ser como Marta, ten\u00edas que tomar la decisi\u00f3n por ti misma y, a\u00fan por mucha ayuda que te hubieran prestado, deb\u00edas estar plenamente convencida de ello.<br \/>\n-La verdad es que he cambiado mucho desde entonces. Primero empec\u00e9 a hablar de mis problemas y a mostrar mis sentimientos para dejar de sugestionarme yo sola y ser m\u00e1s consciente de la realidad de la situaci\u00f3n. Despu\u00e9s, descubr\u00ed que el sentimiento de vaci\u00f3, la infelicidad y el miedo que sent\u00eda con la vida que llevaba era menor que el miedo al cambio, y tom\u00e9 la decisi\u00f3n de caminar, costase lo que costase, hacia la b\u00fasqueda de la paz interior, de la seguridad y de la autoestima. Necesitaba sentirme viva y relacionarme m\u00e1s, y empec\u00e9 a realizar cursos y otras actividades que demostraron que era capaz de superar el miedo a realizarlos y junto con la recompensa que sent\u00eda cuando terminaba cada uno de ellos, cog\u00ed confianza en mi misma. Con el tiempo, dej\u00e9 de buscar la realizaci\u00f3n de actividades como manera de enfrentarme a mis miedos, para dar paso al descubrimiento de mi yo personal, de mis aficiones y habilidades.<br \/>\n-\u00a1Y vaya si te cost\u00f3!, \u00bfverdad? \u00bfSabes ya qui\u00e9n eres?<br \/>\n-Ahora s\u00e9 que no soy ning\u00fan t\u00edtere al que mueven los hilos, sino que tomo mis propias decisiones; ni ninguna oveja que se deja llevar por el reba\u00f1o, porque doy mi propia opini\u00f3n sin buscar la aprobaci\u00f3n; ni tampoco un barco a la deriva, ya que tengo el rumbo de mi vida y busco alcanzar mis sue\u00f1os; ni siquiera una ninguna ni\u00f1a asustada, porque el miedo no me domina y s\u00e9 que esforz\u00e1ndome ser\u00e9 capaz de conseguir muchos logros importantes. Tengo una vida por delante para aprender de las alegr\u00edas y de las dificultades. Ahora conf\u00edo en m\u00ed, s\u00e9 que no soy perfecta, pero me valoro y no tengo que envidiar a nadie. Por fin puedo disfrutar plenamente del laberinto de la vida.<\/p>\n","protected":false},"excerpt":{"rendered":"<p>A Silvia, la estrella que ilumina mi vida y en torno a la cual gira mi mundo.<\/p>\n","protected":false},"author":1,"featured_media":0,"comment_status":"closed","ping_status":"closed","sticky":false,"template":"","format":"standard","meta":{"footnotes":""},"categories":[4],"tags":[],"class_list":["post-130","post","type-post","status-publish","format-standard","hentry","category-relato"],"_links":{"self":[{"href":"https:\/\/www.canal-literatura.com\/certamen\/index.php?rest_route=\/wp\/v2\/posts\/130","targetHints":{"allow":["GET"]}}],"collection":[{"href":"https:\/\/www.canal-literatura.com\/certamen\/index.php?rest_route=\/wp\/v2\/posts"}],"about":[{"href":"https:\/\/www.canal-literatura.com\/certamen\/index.php?rest_route=\/wp\/v2\/types\/post"}],"author":[{"embeddable":true,"href":"https:\/\/www.canal-literatura.com\/certamen\/index.php?rest_route=\/wp\/v2\/users\/1"}],"replies":[{"embeddable":true,"href":"https:\/\/www.canal-literatura.com\/certamen\/index.php?rest_route=%2Fwp%2Fv2%2Fcomments&post=130"}],"version-history":[{"count":2,"href":"https:\/\/www.canal-literatura.com\/certamen\/index.php?rest_route=\/wp\/v2\/posts\/130\/revisions"}],"predecessor-version":[{"id":386,"href":"https:\/\/www.canal-literatura.com\/certamen\/index.php?rest_route=\/wp\/v2\/posts\/130\/revisions\/386"}],"wp:attachment":[{"href":"https:\/\/www.canal-literatura.com\/certamen\/index.php?rest_route=%2Fwp%2Fv2%2Fmedia&parent=130"}],"wp:term":[{"taxonomy":"category","embeddable":true,"href":"https:\/\/www.canal-literatura.com\/certamen\/index.php?rest_route=%2Fwp%2Fv2%2Fcategories&post=130"},{"taxonomy":"post_tag","embeddable":true,"href":"https:\/\/www.canal-literatura.com\/certamen\/index.php?rest_route=%2Fwp%2Fv2%2Ftags&post=130"}],"curies":[{"name":"wp","href":"https:\/\/api.w.org\/{rel}","templated":true}]}}