{"id":129,"date":"2005-02-28T21:45:21","date_gmt":"2005-02-28T20:45:21","guid":{"rendered":"https:\/\/www.canal-literatura.com\/certamen\/?p=129"},"modified":"2018-02-09T22:18:40","modified_gmt":"2018-02-09T21:18:40","slug":"90-camino-silencioso","status":"publish","type":"post","link":"https:\/\/www.canal-literatura.com\/certamen\/?p=129","title":{"rendered":"90. Camino silencioso"},"content":{"rendered":"<div class=\"pdfprnt-buttons pdfprnt-buttons-post pdfprnt-top-right\"><a href=\"https:\/\/www.canal-literatura.com\/certamen\/index.php?rest_route=%2Fwp%2Fv2%2Fposts%2F129&print=pdf\" class=\"pdfprnt-button pdfprnt-button-pdf\" target=\"_blank\" ><img decoding=\"async\" src=\"https:\/\/canal-literatura.com\/certamen\/wp\/wp-content\/plugins\/pdf-print\/images\/pdf.png\" alt=\"image_pdf\" title=\"Ver PDF\" \/><\/a><a href=\"https:\/\/www.canal-literatura.com\/certamen\/index.php?rest_route=%2Fwp%2Fv2%2Fposts%2F129&print=print\" class=\"pdfprnt-button pdfprnt-button-print\" target=\"_blank\" ><img decoding=\"async\" src=\"https:\/\/canal-literatura.com\/certamen\/wp\/wp-content\/plugins\/pdf-print\/images\/print.png\" alt=\"image_print\" title=\"Imprimir contenido\" \/><\/a><\/div><p style=\"text-align: justify;\">\u00a0\u201cSon tiempos malos, en que la noche se prolonga del d\u00eda lluvioso, el sue\u00f1o no llega y peleo in\u00fatilmente con el teclado de la computadora. Y entonces descubro que parecemos condenados a ser fantasmas del 68\u201d Paco Ignacio Taibo II, \u201c68\u201d.<!--more--><\/p>\n<p style=\"text-align: justify;\">\u00a0-\u00bfNo podremos decir groser\u00edas? \u2013 pregunt\u00f3 Carlos. &#8211; No podr\u00e1s decir ni una palabra \u2013 le contest\u00f3 Oscar.<br \/>\n-\u00a1Qu\u00e9 mal! \u2013 exclam\u00f3 Carlos pensativo y despu\u00e9s dijo con \u00e1nimo \u2013 Yo todav\u00eda traigo ganas de gritarle una que otra palabrota a los granaderos.<br \/>\n&#8211; No s\u00e9 por qu\u00e9 se meten en broncas \u2013 Dijo Jorge, que por cierto era militar \u2013 No creo que vayan a conseguir nada. Un plomazo nada m\u00e1s; eso conseguir\u00e1n; el gobierno es muy cabr\u00f3n.<br \/>\n\u201cUn plomazo\u201d se repet\u00eda en el cerebro de Oscar durante el camino. No pod\u00eda dejar de tener miedo a una que otra golpiza, de la que hasta ahora se hab\u00eda salvado, pero un plomazo era poco probable. \u201cNo pueden llegar a tanto\u201d, pensaba.<br \/>\n-\u00a1Chingue su madre! \u2013 les susurr\u00f3 Carlos \u2013 Ah\u00ed en la esquina se par\u00f3 un cami\u00f3n de granaderos. Mejor nos regresamos, \u00bfno?<br \/>\n&#8211; S\u00ed \u2013 dijo Oscar ya casi d\u00e1ndose la vuelta.<br \/>\n&#8211; Ni madres, esos granaderos me la pelan \u2013 les dijo Jorge, mientras los jalaba de la camisa y avanzaba rumbo al cami\u00f3n con paso decidido \u2013 \u00a1S\u00f3lo eso faltaba, que a un militar le diera miedo unos polic\u00edas!<br \/>\n&#8211; Carlos y Oscar se miraban de reojo. Los dos ten\u00edan en el semblante la angustia producida por el avenimiento de una madriza descomunal. Pero aunque sab\u00edan<br \/>\nque era un error seguir caminando, tambi\u00e9n percibieron que ya era demasiado tarde para regresar. Los granaderos ya los hab\u00edan visto y les empezaron a gritar.<br \/>\n-\u00a1Pero ni uniforme traes cabr\u00f3n! \u2013 le dijo Oscar a Jorge al percatarse de ese muypinchedetalle, a unos cuantos pasos del cami\u00f3n.<br \/>\n-\u00a1Tu estate! \u2013 dijo secamente Jorge.<br \/>\nLos insultos segu\u00edan por parte de los granaderos que empezaban a bajar por las redilas del cami\u00f3n y fue cuando Jorge se adelant\u00f3 unos pasos y grit\u00f3 a los polic\u00edas:<br \/>\n&#8211; \u00a1A d\u00f3nde cabrones! Qu\u00e9 no reconocen a un miembro del honorable Ej\u00e9rcito Mexicano.\u2013 les exclam\u00f3 mientras con una cara de diablo zapateaba con furia sus dos botas, dejando escuchar un sonido met\u00e1lico muy caracter\u00edstico de un militar cudr\u00e1ndose ante un oficial de mayor rango.<br \/>\n&#8211; \u00a1Det\u00e9nganse! qu\u00e9 no ven que es militar \u2013 grit\u00f3 la persona que aparentemente comandaba la flotilla, hacia los que ya empezaban a bajar, pues hab\u00eda notado que las botas efectivamente eran de un militar &#8211; \u00a1D\u00e9jenlos pasar! \u2013 Despu\u00e9s volteando a Jorge agreg\u00f3 \u2013 Pase usted se\u00f1or.<br \/>\n-Muchas gracias sargento \u2013 Dijo Jorge con tono serio y altivo.<br \/>\nTanto Carlos como Oscar decidieron pasar con rapidez. Jorge en cambio, cada dos pasos volteaba completamente su cuerpo, los incitaba con se\u00f1as a ver qui\u00e9n de los polic\u00edas se quer\u00eda poner al brinco, avanzaba y repet\u00eda la operaci\u00f3n. Los granaderos decidieron mejor bajar la vista y no presentar mayor inconveniente.<\/p>\n<p style=\"text-align: justify;\">\u00a0En el M\u00e9xico de 1968 era com\u00fan que un joven fuera tratado como un delincuente, sobre todo si se le probaba ser estudiante de la UNAM. Muchos de los militantes del movimiento estudiantil prefer\u00edan salir de casa sin sus credenciales a repartir folletos y promover aquellos ideales tan perseguidos por el gobierno de entonces. En cambio un militar era reconocido como una persona honorable y se le brindaba todas las facilidades, as\u00ed como un respeto solemne. Afortunadamente ese d\u00eda para Oscar y Carlos, hab\u00edan encontrado a Jorge en una calle donde a\u00f1os m\u00e1s tarde se construir\u00eda un centro comercial muy popular al sur de la Ciudad de M\u00e9xico. Llevaban cuatro a\u00f1os de no verse. Los tres hab\u00edan asistido a la misma primaria, pero Jorge en vez de continuar con sus estudios entr\u00f3 a la milicia; mientras que Carlos y Oscar estudiaban en la prepa 9 de la UNAM.<br \/>\nEse d\u00eda se preparaban para asistir a una de las mejor organizadas manifestaciones de todos los tiempos en M\u00e9xico, y que despu\u00e9s ser\u00eda recordada como: \u201cLa Marcha del Silencio\u201d o \u201cMarcha Silenciosa\u201d. Pero antes les hab\u00edan encargado la misi\u00f3n de promover la protesta en camiones; invitando a la poblaci\u00f3n civil a unirse a la causa. Tra\u00edan mucha propaganda doblada en los bolsillos, as\u00ed que de haber sido detenidos, probablemente hubieran acabado en la c\u00e1rcel. Las bajas en las brigadas de activistas eran de medio centenar todos los d\u00edas.<\/p>\n<p style=\"text-align: justify;\">\u00a0Los dos caminaban pensando en la suerte que ten\u00edan de haber encontrado a Jorge. Por haberse ya despedido de \u00e9l, ahora si deb\u00edan estar m\u00e1s alerta para no tener vicisitudes. Sin embargo ese pensamiento les dur\u00f3 poco; faltaban tan s\u00f3lo escasas dos horas para que la manifestaci\u00f3n empezara. La idea de la marcha, era contrarrestar los efectos que los medios de comunicaci\u00f3n hab\u00edan estado mencionando: Que los autores del movimiento estudiantil eran tan s\u00f3lo unos gritones, sin peticiones precisas y que lo \u00fanico que buscaban era esquivar clases y meter a la gente en problemas. Por tanto, la marcha se llevar\u00eda, ese trece de septiembre, en completo silencio, \u00fanicamente con mantas donde se expusieran las peticiones y en estricto orden. Mostrando que el poder estaba m\u00e1s all\u00e1 de las palabras.<br \/>\n&#8211; Oye crees que las autoridades nos hagan caso sin que les gritemos sus verdades \u2013 Insist\u00eda Carlos que no acababa de entender la magnitud del evento que estaba apunto de presentarse y que tanto llamar\u00eda la atenci\u00f3n de ese gobierno, que semanas despu\u00e9s de la marcha, tomar\u00eda acciones muy dr\u00e1sticas en un pr\u00f3ximo dos de octubre.<br \/>\n&#8211; Vas a ver que van a quedar sorprendidos \u2013 le dijo Oscar emocionado al imaginarse el momento \u2013 Adem\u00e1s \u00bfCu\u00e1ndo has o\u00eddo hablar de una marcha de este tipo en M\u00e9xico? No maestro, somos los primeros, vamos a mostrar al mundo que los j\u00f3venes debemos ser parte de las decisiones.<\/p>\n<p>***<\/p>\n<p style=\"text-align: justify;\">\u00a0Ya hab\u00edan llegado al punto acordado y muchos se alistaban a ponerse cinta aislante en la boca, otros trapos o lo que se tuviera a la mano para que, a manera de hip\u00e9rbole, se notara m\u00e1s su intenci\u00f3n. Oscar admiraba, una vez comenzada la marcha, las caras de sus compa\u00f1eros; muchos, muchos desconocidos. Se sent\u00eda en el ambiente un cambio temporal; los minutos se pararon por completo como buscando no hacer ruido para reforzar el estruendoso zapatear de miles de manifestantes. La misma gente que hab\u00eda salido a observar la manifestaci\u00f3n estaba callada. Extasiada. S\u00f3lo algunos padres solidarios aplaud\u00edan la fortaleza de sus hijos; la fuerza estudiantil.<br \/>\nAl terminar Oscar se enter\u00f3 de una kerm\u00e9s que se celebrar\u00eda en Ciudad Universitaria el 15 de septiembre. Estaba muy emocionado porque todo hab\u00eda salido mucho mejor de lo que esperaba. Sab\u00eda muy bien que despu\u00e9s de esto el gobierno habr\u00eda de contestar con un duro golpe. Nunca se imagin\u00f3 que la magnitud de ese golpe, no le dar\u00eda oportunidad de relatar esas an\u00e9cdotas a sus posibles nietos.<\/p>\n<p>\u201cA la memoria de los fallecidos a causa de un gobierno facineroso\u201d<br \/>\n\u201cTambi\u00e9n por los que sobrevivieron y nos hubieron de contar tan tristes historias\u201d<\/p>\n","protected":false},"excerpt":{"rendered":"<p>\u00a0\u201cSon tiempos malos, en que la noche se prolonga del d\u00eda lluvioso, el sue\u00f1o no llega y peleo in\u00fatilmente con el teclado de la computadora. Y entonces descubro que parecemos condenados a ser fantasmas del 68\u201d Paco Ignacio Taibo II, \u201c68\u201d.<\/p>\n","protected":false},"author":1,"featured_media":0,"comment_status":"closed","ping_status":"closed","sticky":false,"template":"","format":"standard","meta":{"footnotes":""},"categories":[4],"tags":[],"class_list":["post-129","post","type-post","status-publish","format-standard","hentry","category-relato"],"_links":{"self":[{"href":"https:\/\/www.canal-literatura.com\/certamen\/index.php?rest_route=\/wp\/v2\/posts\/129","targetHints":{"allow":["GET"]}}],"collection":[{"href":"https:\/\/www.canal-literatura.com\/certamen\/index.php?rest_route=\/wp\/v2\/posts"}],"about":[{"href":"https:\/\/www.canal-literatura.com\/certamen\/index.php?rest_route=\/wp\/v2\/types\/post"}],"author":[{"embeddable":true,"href":"https:\/\/www.canal-literatura.com\/certamen\/index.php?rest_route=\/wp\/v2\/users\/1"}],"replies":[{"embeddable":true,"href":"https:\/\/www.canal-literatura.com\/certamen\/index.php?rest_route=%2Fwp%2Fv2%2Fcomments&post=129"}],"version-history":[{"count":2,"href":"https:\/\/www.canal-literatura.com\/certamen\/index.php?rest_route=\/wp\/v2\/posts\/129\/revisions"}],"predecessor-version":[{"id":537,"href":"https:\/\/www.canal-literatura.com\/certamen\/index.php?rest_route=\/wp\/v2\/posts\/129\/revisions\/537"}],"wp:attachment":[{"href":"https:\/\/www.canal-literatura.com\/certamen\/index.php?rest_route=%2Fwp%2Fv2%2Fmedia&parent=129"}],"wp:term":[{"taxonomy":"category","embeddable":true,"href":"https:\/\/www.canal-literatura.com\/certamen\/index.php?rest_route=%2Fwp%2Fv2%2Fcategories&post=129"},{"taxonomy":"post_tag","embeddable":true,"href":"https:\/\/www.canal-literatura.com\/certamen\/index.php?rest_route=%2Fwp%2Fv2%2Ftags&post=129"}],"curies":[{"name":"wp","href":"https:\/\/api.w.org\/{rel}","templated":true}]}}