{"id":656,"date":"2009-01-22T00:49:02","date_gmt":"2009-01-21T23:49:02","guid":{"rendered":"https:\/\/www.canal-literatura.com\/BLOG\/?p=656"},"modified":"2009-01-23T11:32:50","modified_gmt":"2009-01-23T10:32:50","slug":"bohemia-nocturna-por-isidro-r-ayestaran","status":"publish","type":"post","link":"https:\/\/www.canal-literatura.com\/BLOG\/bohemia-nocturna-por-isidro-r-ayestaran\/","title":{"rendered":"Bohemia nocturna. Por Isidro R. Ayestar\u00e1n"},"content":{"rendered":"<p><center> <object width=\"350\" height=\"298\"><param name=\"movie\" value=\"http:\/\/www.youtube.com\/v\/uSQI-vkhGfc&#038;hl=en&#038;fs=1&#038;rel=0&#038;color1=0x5d1719&#038;color2=0xcd311b\"><\/param><param name=\"allowFullScreen\" value=\"true\"><\/param><param name=\"allowscriptaccess\" value=\"always\"><\/param><embed src=\"http:\/\/www.youtube.com\/v\/uSQI-vkhGfc&#038;hl=en&#038;fs=1&#038;rel=0&#038;color1=0x5d1719&#038;color2=0xcd311b\" type=\"application\/x-shockwave-flash\" allowscriptaccess=\"always\" allowfullscreen=\"true\" width=\"350\" height=\"298\"><\/embed><\/object><\/center><\/p>\n<p>Pareja de artistas, con identidad ante un espejo,<\/p>\n<p>con el escenario a sus espaldas, tras el tel\u00f3n de <\/p>\n<p>los aplausos que mueren ante un silencio,<\/p>\n<p>una mueca estudiada que parece espont\u00e1nea en<\/p>\n<p>un mundo ficticio fabricado a su medida.<\/p>\n<p>Fundidos en colores, en miradas, en una l\u00e1grima <\/p>\n<p>maquillada en un rostro oscuro y fam\u00e9lico,<\/p>\n<p>y los ojos de ella, escondidos por una m\u00e1scara<\/p>\n<p>color plata y un cigarrillo en la comisura de sus labios.<\/p>\n<p>Un bomb\u00edn, una chistera de purpurina, telares que <\/p>\n<p>se funden en los personajes de la colombina y el arlequ\u00edn,<\/p>\n<p>de los maniqu\u00edes dise\u00f1ados a conciencia a la luz del<\/p>\n<p>flexo abuhardillado de la esencia de la inspiraci\u00f3n puesta<\/p>\n<p>en unos versos ante una p\u00e1gina en blanco.<\/p>\n<p>Posturas a media luz, improvisaci\u00f3n de estatuas<\/p>\n<p>ante el cristal de la ventana que se abre a su mundo,<\/p>\n<p>bajo la c\u00fapula estrellada de las ilusiones y de los<\/p>\n<p>sue\u00f1os que no quieren despertar en mitad de una noche,<\/p>\n<p>en mitad de una nada magnificada en letras may\u00fasculas.<\/p>\n<p>Son bohemios de buhardilla, con m\u00fasica de fondo con aroma<\/p>\n<p>a balada imperfecta que se clava en el alma de las miradas,<\/p>\n<p>en mitad de las palabras esculpidas a base de promesas rotas,<\/p>\n<p>y de mucha y casi eterna melancol\u00eda de ninfa de bosque<\/p>\n<p>con esencia a naturaleza muerta.<\/p>\n<p>Y al acabar su espect\u00e1culo, al poner fin a su show particular,<\/p>\n<p>una luz del alba certero que les desprende de su bohemia nocturna,<\/p>\n<p>de su vida so\u00f1ada y truncada por una ovaci\u00f3n lejana en<\/p>\n<p>forma de sonrisa, de gui\u00f1o c\u00f3mplice, de gesto que asiente\u2026<\/p>\n<p>De tantas cosas maravillosas, que hacen que siempre salga el sol<\/p>\n<p>en los corazones de estos bohemios de buhardilla<\/p>\n<p><img decoding=\"async\" src=\"https:\/\/www.canal-literatura.com\/BLOG\/fotos\/mono7.jpg\" align=\"right\" \/><br \/>\n<strong>\u00a9Isidro R. Ayestar\u00e1n, 2008<\/strong><br \/>\n<strong><a href=\"http:\/\/cabaretdeisidro.blogspot.com:80\/\"target=\"new\"> El Cabaret de los Sue\u00f1os<\/a><\/span><\/strong><\/p>\n","protected":false},"excerpt":{"rendered":"<p>Pareja de artistas, con identidad ante un espejo, con el escenario a sus espaldas, tras el tel\u00f3n de los aplausos que mueren ante un silencio, una mueca estudiada que parece espont\u00e1nea en un mundo ficticio fabricado a su medida. Fundidos en colores, en miradas, en una l\u00e1grima maquillada en un rostro oscuro y fam\u00e9lico, y los ojos de ella, escondidos por una m\u00e1scara color plata y un cigarrillo en la comisura de sus labios. Un bomb\u00edn, una chistera de purpurina, telares que se funden en los personajes de la colombina y el arlequ\u00edn, de los maniqu\u00edes dise\u00f1ados a conciencia a&#8230; <a class=\"continue-reading-link\" href=\"https:\/\/www.canal-literatura.com\/BLOG\/bohemia-nocturna-por-isidro-r-ayestaran\/\">Leer m\u00e1s<\/a><\/p>\n","protected":false},"author":1,"featured_media":0,"comment_status":"open","ping_status":"open","sticky":false,"template":"","format":"standard","meta":{"footnotes":""},"categories":[17],"tags":[],"class_list":["post-656","post","type-post","status-publish","format-standard","hentry","category-videopoema"],"_links":{"self":[{"href":"https:\/\/www.canal-literatura.com\/BLOG\/wp-json\/wp\/v2\/posts\/656","targetHints":{"allow":["GET"]}}],"collection":[{"href":"https:\/\/www.canal-literatura.com\/BLOG\/wp-json\/wp\/v2\/posts"}],"about":[{"href":"https:\/\/www.canal-literatura.com\/BLOG\/wp-json\/wp\/v2\/types\/post"}],"author":[{"embeddable":true,"href":"https:\/\/www.canal-literatura.com\/BLOG\/wp-json\/wp\/v2\/users\/1"}],"replies":[{"embeddable":true,"href":"https:\/\/www.canal-literatura.com\/BLOG\/wp-json\/wp\/v2\/comments?post=656"}],"version-history":[{"count":0,"href":"https:\/\/www.canal-literatura.com\/BLOG\/wp-json\/wp\/v2\/posts\/656\/revisions"}],"wp:attachment":[{"href":"https:\/\/www.canal-literatura.com\/BLOG\/wp-json\/wp\/v2\/media?parent=656"}],"wp:term":[{"taxonomy":"category","embeddable":true,"href":"https:\/\/www.canal-literatura.com\/BLOG\/wp-json\/wp\/v2\/categories?post=656"},{"taxonomy":"post_tag","embeddable":true,"href":"https:\/\/www.canal-literatura.com\/BLOG\/wp-json\/wp\/v2\/tags?post=656"}],"curies":[{"name":"wp","href":"https:\/\/api.w.org\/{rel}","templated":true}]}}