{"id":1253,"date":"2009-05-31T00:00:09","date_gmt":"2009-05-30T22:00:09","guid":{"rendered":"https:\/\/www.canal-literatura.com\/BLOG\/?p=1253"},"modified":"2009-05-29T22:58:36","modified_gmt":"2009-05-29T20:58:36","slug":"15despedida-por-hana","status":"publish","type":"post","link":"https:\/\/www.canal-literatura.com\/BLOG\/15despedida-por-hana\/","title":{"rendered":"15.Despedida. Por Hana"},"content":{"rendered":"<p><center><a href=\"http:\/\/www.canal-literatura.com\/6certamen\/PremioEspecial\/\"target=\"new\"><img decoding=\"async\" src=\"http:\/\/canal-literatura.com\/6certamen\/PremioEspecial\/banner-premioespecial6.gif\"  border=\"0\"  \/><br \/><\/center><br \/>\n<strong>Microtextos a concurso en el Premio Especial 2009<\/a><\/strong><\/p>\n<p>\u00bfSabes? Llevo d\u00edas llevando conmigo esta peque\u00f1a caja llena de recuerdos nuestros. Un trozo de tela del primer vestido que llev\u00e9 cuando te conoc\u00ed, aquel pa\u00f1uelo que me dejaste para limpiar mis l\u00e1grimas, el tacto al sentir tu mano tomando la m\u00eda por primera vez o el sabor del primer beso que me robaste, bajo los \u00faltimos rayos del sol de Enero.<br \/>\nEl otro d\u00eda volv\u00ed a recordar cuando nos casamos en aquella, todav\u00eda, peque\u00f1a parroquia del pueblo. Aquel vestido blanco que guard\u00e9 luego, con la ilusi\u00f3n de que alguna de nuestras hijas lo vistiera para su propia boda, el traje con aquella corbata roja que tanto me llam\u00f3 la atenci\u00f3n, las sonrisas, tu madre tan mayor, mi padre orgulloso\u2026 Y luego de todo, nuestros 4 hijos, los que hemos criado como nuestros padres lo hicieron con nosotros, los trabajadores que ahora me cuidan\u2026 ahora que te has ido.<br \/>\nAhora, con m\u00e1s de 35 a\u00f1os juntos a nuestras espaldas, t\u00fa has decidido ir antes que yo, con aquello que siempre dec\u00edas \u201cd\u00e9jame hacer el camino para que nunca caigas, Mar\u00eda\u201d y yo solo asent\u00eda, y sonre\u00eda al verte salir a la calle una vez m\u00e1s, una ma\u00f1ana m\u00e1s despidi\u00e9ndote en la puerta cuando reci\u00e9n daban las 6 de la ma\u00f1ana\u2026<br \/>\nComo ahora, te despido para irme pronto contigo, a las puertas del cielo como todos los d\u00edas, a las 6 de la ma\u00f1ana\u2026 Nos veremos pronto, Rodrigo. <\/p>\n<p><em><strong>Hana<\/strong><\/em><br \/>\n<img decoding=\"async\" src=\"https:\/\/www.canal-literatura.com\/BLOG\/fotos\/mono3.jpg\" align=\"right\" \/><\/p>\n<p>Pincha en la imagen para acceder a la web especial de este premio.<\/p>\n","protected":false},"excerpt":{"rendered":"<p>Microtextos a concurso en el Premio Especial 2009 \u00bfSabes? Llevo d\u00edas llevando conmigo esta peque\u00f1a caja llena de recuerdos nuestros. Un trozo de tela del primer vestido que llev\u00e9 cuando te conoc\u00ed, aquel pa\u00f1uelo que me dejaste para limpiar mis l\u00e1grimas, el tacto al sentir tu mano tomando la m\u00eda por primera vez o el sabor del primer beso que me robaste, bajo los \u00faltimos rayos del sol de Enero. El otro d\u00eda volv\u00ed a recordar cuando nos casamos en aquella, todav\u00eda, peque\u00f1a parroquia del pueblo. Aquel vestido blanco que guard\u00e9 luego, con la ilusi\u00f3n de que alguna de nuestras&#8230; <a class=\"continue-reading-link\" href=\"https:\/\/www.canal-literatura.com\/BLOG\/15despedida-por-hana\/\">Leer m\u00e1s<\/a><\/p>\n","protected":false},"author":1,"featured_media":0,"comment_status":"open","ping_status":"open","sticky":false,"template":"","format":"standard","meta":{"footnotes":""},"categories":[14],"tags":[],"class_list":["post-1253","post","type-post","status-publish","format-standard","hentry","category-microtextos"],"_links":{"self":[{"href":"https:\/\/www.canal-literatura.com\/BLOG\/wp-json\/wp\/v2\/posts\/1253","targetHints":{"allow":["GET"]}}],"collection":[{"href":"https:\/\/www.canal-literatura.com\/BLOG\/wp-json\/wp\/v2\/posts"}],"about":[{"href":"https:\/\/www.canal-literatura.com\/BLOG\/wp-json\/wp\/v2\/types\/post"}],"author":[{"embeddable":true,"href":"https:\/\/www.canal-literatura.com\/BLOG\/wp-json\/wp\/v2\/users\/1"}],"replies":[{"embeddable":true,"href":"https:\/\/www.canal-literatura.com\/BLOG\/wp-json\/wp\/v2\/comments?post=1253"}],"version-history":[{"count":0,"href":"https:\/\/www.canal-literatura.com\/BLOG\/wp-json\/wp\/v2\/posts\/1253\/revisions"}],"wp:attachment":[{"href":"https:\/\/www.canal-literatura.com\/BLOG\/wp-json\/wp\/v2\/media?parent=1253"}],"wp:term":[{"taxonomy":"category","embeddable":true,"href":"https:\/\/www.canal-literatura.com\/BLOG\/wp-json\/wp\/v2\/categories?post=1253"},{"taxonomy":"post_tag","embeddable":true,"href":"https:\/\/www.canal-literatura.com\/BLOG\/wp-json\/wp\/v2\/tags?post=1253"}],"curies":[{"name":"wp","href":"https:\/\/api.w.org\/{rel}","templated":true}]}}