{"id":1521,"date":"2011-10-08T11:45:39","date_gmt":"2011-10-08T09:45:39","guid":{"rendered":"http:\/\/www.canal-literatura.com\/8certamen\/?p=1521"},"modified":"2011-10-08T11:45:39","modified_gmt":"2011-10-08T09:45:39","slug":"entrevista-a-luisa-nunez-en-el-periodico-la-verdad","status":"publish","type":"post","link":"https:\/\/www.canal-literatura.com\/8certamen\/entrevista-a-luisa-nunez-en-el-periodico-la-verdad\/","title":{"rendered":"Entrevista a Luisa N\u00fa\u00f1ez en el peri\u00f3dico La Verdad"},"content":{"rendered":"<p><center><img decoding=\"async\" src=\"https:\/\/www.canal-literatura.com\/8certamen\/KDD\/Luisa-Nunez-Laverdad.jpg\" border=\"0\" alt=\"Luisa N\u00fa\u00f1ez en La Verdad\" width=\"450\" \/><\/center><br \/>\n\u00abNuestra intenci\u00f3n es ofrecer una plataforma a los j\u00f3venes escritores y a sus lectores para poder ponerlos en contacto. Tanto Internet como las nuevas tecnolog\u00edas ofrecen muchas posibilidades que creemos que se deben aprovechar.\u00bb<\/p>\n<p><center> <a href=\"http:\/\/www.laverdad.es\/murcia\/v\/20111008\/cultura\/queremos-poner-contacto-autor-20111008.html\"target=\"new\"><img decoding=\"async\"  src=\"http:\/\/www.canal-literatura.com\/themes\/3D-Fantasy\/images\/header\/logo_laverdad.gif\" width=\"171\" border=\"0\"hspace=\"10\">Entrevista completa en La Verdad.es<\/a><\/center><\/p>\n","protected":false},"excerpt":{"rendered":"<p>\u00abNuestra intenci\u00f3n es ofrecer una plataforma a los j\u00f3venes escritores y a sus lectores para poder ponerlos en contacto. Tanto Internet como las nuevas tecnolog\u00edas ofrecen muchas posibilidades que creemos que se deben aprovechar.\u00bb Entrevista completa en La Verdad.es<\/p>\n","protected":false},"author":1,"featured_media":0,"comment_status":"open","ping_status":"open","sticky":false,"template":"","format":"standard","meta":{"footnotes":""},"categories":[5],"tags":[],"class_list":["post-1521","post","type-post","status-publish","format-standard","hentry","category-relatos"],"amp_enabled":true,"_links":{"self":[{"href":"https:\/\/www.canal-literatura.com\/8certamen\/wp-json\/wp\/v2\/posts\/1521","targetHints":{"allow":["GET"]}}],"collection":[{"href":"https:\/\/www.canal-literatura.com\/8certamen\/wp-json\/wp\/v2\/posts"}],"about":[{"href":"https:\/\/www.canal-literatura.com\/8certamen\/wp-json\/wp\/v2\/types\/post"}],"author":[{"embeddable":true,"href":"https:\/\/www.canal-literatura.com\/8certamen\/wp-json\/wp\/v2\/users\/1"}],"replies":[{"embeddable":true,"href":"https:\/\/www.canal-literatura.com\/8certamen\/wp-json\/wp\/v2\/comments?post=1521"}],"version-history":[{"count":6,"href":"https:\/\/www.canal-literatura.com\/8certamen\/wp-json\/wp\/v2\/posts\/1521\/revisions"}],"predecessor-version":[{"id":1527,"href":"https:\/\/www.canal-literatura.com\/8certamen\/wp-json\/wp\/v2\/posts\/1521\/revisions\/1527"}],"wp:attachment":[{"href":"https:\/\/www.canal-literatura.com\/8certamen\/wp-json\/wp\/v2\/media?parent=1521"}],"wp:term":[{"taxonomy":"category","embeddable":true,"href":"https:\/\/www.canal-literatura.com\/8certamen\/wp-json\/wp\/v2\/categories?post=1521"},{"taxonomy":"post_tag","embeddable":true,"href":"https:\/\/www.canal-literatura.com\/8certamen\/wp-json\/wp\/v2\/tags?post=1521"}],"curies":[{"name":"wp","href":"https:\/\/api.w.org\/{rel}","templated":true}]}}