{"id":68,"date":"2010-04-21T13:24:39","date_gmt":"2010-04-21T11:24:39","guid":{"rendered":"http:\/\/www.canal-literatura.com\/7certamen\/premiodamasco\/?p=68"},"modified":"2020-06-15T19:17:31","modified_gmt":"2020-06-15T18:17:31","slug":"presentacion-de-canal-literatura-y-las-actividades-programadas-para-el-2010","status":"publish","type":"post","link":"https:\/\/www.canal-literatura.com\/7certamen\/premiodamasco\/?p=68","title":{"rendered":"Presentaci\u00f3n de Canal Literatura y las actividades programadas para el 2010."},"content":{"rendered":"<p style=\"text-align: justify;\">El pasado 20 de abril en la Biblioteca Salvador Garc\u00eda Aguilar de Molina de Segura (Murcia), se present\u00f3 la <strong>Asociaci\u00f3n Canal Literatura<\/strong> para explicar sus fines y objetivos. <strong>Ana M\u00aa Tom\u00e1s Olivares<\/strong>, jurado del Certamen de Narrativa Breve desde el 2006. <strong>Pablo Aguilar Gonz\u00e1lez<\/strong>, ganador del 3\u00ba Premio de narrativa del a\u00f1o 2009 y <strong>M\u00aa Luisa N\u00fa\u00f1ez<\/strong>, Presidenta de la Asociaci\u00f3n Canal Literatura hablaron de esta iniciativa enfocada al fomento de la lectura, del idioma espa\u00f1ol y a la promoci\u00f3n de escritores noveles a trav\u00e9s de Internet. Canal Literatura celebra este a\u00f1o el d\u00e9cimo aniversario de presencia activa en en este medio y el tercer a\u00f1o de <strong><a title=\"Tres a\u00f1os de colaboraci\u00f3n con La Verdad.es\" href=\"http:\/\/www.canal-literatura.com\/LaVerdad.html\" target=\"_blank\" rel=\"noopener noreferrer\">colaboraci\u00f3n<\/a> <\/strong>como portal literario del peri\u00f3dico <strong><a title=\"Peri\u00f3dico La verdad.es\" href=\"http:\/\/www.laverdad.es\/\" target=\"_blank\" rel=\"noopener noreferrer\">La Verdad.es<\/a><\/strong><\/p>\n<p><iframe loading=\"lazy\" width=\"560\" height=\"315\" src=\"https:\/\/www.youtube.com\/embed\/NPaxc8SBZM8\" frameborder=\"0\" allow=\"accelerometer; autoplay; encrypted-media; gyroscope; picture-in-picture\" allowfullscreen><\/iframe><\/p>\n<p style=\"text-align: justify;\">Los alumnos de 2\u00ba de bachillerato Internacional (IBO) del I.E.S Alfonso X \u00abEl Sabio\u00bb, tambi\u00e9n explicaron su colaboraci\u00f3n en la web<strong> <a title=\"Homenaje a Miguel Hern\u00e1ndez\" href=\"https:\/\/www.canal-literatura.com\/miguelhernandez\/\" target=\"_blank\" rel=\"noopener noreferrer\">homenaje al poeta Miguel Hern\u00e1ndez<\/a><\/strong>.\u00a0Por \u00faltimo se presentaron las convocatorias del <a title=\"7 Certamen de Narrativa Breve\" href=\"https:\/\/www.canal-literatura.com\/7certamen\/\" target=\"_blank\" rel=\"noopener noreferrer\"><strong>VII Certamen de Narrativa Breve<\/strong> <\/a>\u00a0y de este Premio Especial <strong>en colaboraci\u00f3n con el <strong>Instituto Cervantes de Damasco.<\/strong><br \/>\nEsta presentaci\u00f3n completa se retrasmiti\u00f3 en directo a trav\u00e9s de internet para todos aquellos que quisieron seguir el acto desde cualquier lugar del mundo.<\/strong><\/p>\n","protected":false},"excerpt":{"rendered":"<p>Presentaci\u00f3n de la Asociaci\u00f3n Canal Literatura <\/p>\n<p class=\"continue-reading-button\"> <a class=\"continue-reading-link\" href=\"https:\/\/www.canal-literatura.com\/7certamen\/premiodamasco\/?p=68\">Leer m\u00e1s<i class=\"crycon-right-dir\"><\/i><\/a><\/p>\n","protected":false},"author":1,"featured_media":0,"comment_status":"open","ping_status":"open","sticky":false,"template":"","format":"standard","meta":{"footnotes":""},"categories":[1],"tags":[],"class_list":["post-68","post","type-post","status-publish","format-standard","hentry","category-sin-categoria"],"amp_enabled":true,"_links":{"self":[{"href":"https:\/\/www.canal-literatura.com\/7certamen\/premiodamasco\/index.php?rest_route=\/wp\/v2\/posts\/68","targetHints":{"allow":["GET"]}}],"collection":[{"href":"https:\/\/www.canal-literatura.com\/7certamen\/premiodamasco\/index.php?rest_route=\/wp\/v2\/posts"}],"about":[{"href":"https:\/\/www.canal-literatura.com\/7certamen\/premiodamasco\/index.php?rest_route=\/wp\/v2\/types\/post"}],"author":[{"embeddable":true,"href":"https:\/\/www.canal-literatura.com\/7certamen\/premiodamasco\/index.php?rest_route=\/wp\/v2\/users\/1"}],"replies":[{"embeddable":true,"href":"https:\/\/www.canal-literatura.com\/7certamen\/premiodamasco\/index.php?rest_route=%2Fwp%2Fv2%2Fcomments&post=68"}],"version-history":[{"count":0,"href":"https:\/\/www.canal-literatura.com\/7certamen\/premiodamasco\/index.php?rest_route=\/wp\/v2\/posts\/68\/revisions"}],"wp:attachment":[{"href":"https:\/\/www.canal-literatura.com\/7certamen\/premiodamasco\/index.php?rest_route=%2Fwp%2Fv2%2Fmedia&parent=68"}],"wp:term":[{"taxonomy":"category","embeddable":true,"href":"https:\/\/www.canal-literatura.com\/7certamen\/premiodamasco\/index.php?rest_route=%2Fwp%2Fv2%2Fcategories&post=68"},{"taxonomy":"post_tag","embeddable":true,"href":"https:\/\/www.canal-literatura.com\/7certamen\/premiodamasco\/index.php?rest_route=%2Fwp%2Fv2%2Ftags&post=68"}],"curies":[{"name":"wp","href":"https:\/\/api.w.org\/{rel}","templated":true}]}}