{"id":625,"date":"2011-10-11T11:49:53","date_gmt":"2011-10-11T10:49:53","guid":{"rendered":"http:\/\/www.canal-literatura.com\/7certamen\/premiodamasco\/?p=625"},"modified":"2020-06-17T15:21:29","modified_gmt":"2020-06-17T13:21:29","slug":"fotos-de-la-entrega-de-premios","status":"publish","type":"post","link":"https:\/\/www.canal-literatura.com\/7certamen\/premiodamasco\/?p=625","title":{"rendered":"Fotos de la entrega de premios."},"content":{"rendered":"<p><img decoding=\"async\" alt=\"Pablo Beneito entreg\u00f3 los premios a los ganadores y finalista\" src=\"https:\/\/www.canal-literatura.com\/8certamen\/wp-content\/uploads\/2011\/10\/canal-literatura-109.jpg\" title=\"Pablo Beneito entreg\u00f3 los premios a los ganadores y finalistas\"><br \/>\n<center>Pablo Beneito Arias entreg\u00f3 los premios a los ganadores y finalistas.<\/center><br \/>\nA la izquierda de la foto, Pablo Beneito Arias, profesor titular de la Universidad de Murcia y experto en la figura del poeta y filos\u00f3fo Ibn Arab\u00ed, que entreg\u00f3 los premios a ganadores y finalistas. A su Lado, Daniele Branchina, Mar\u00eda Luisa Torrecillas, Pedro J. Fern\u00e1ndez, (que represent\u00f3 tambi\u00e9n a Virginia Cant\u00f3 Ramirez), Manuel Brescan\u00e9 Mu\u00f1oz y Pilar G\u00f3mez Ros (que represent\u00f3 a Ana M\u00aa Galv\u00e1n Rocha.)<\/p>\n<p>Pincha en   <a href=\"https:\/\/www.canal-literatura.com\/8certamen\/?page_id=1529\" target=\"_blank\" rel=\"noopener noreferrer\">Fotos Premios 2011<\/a> para ver todas las fotos. Esperamos que sea un grato recuerdo para todos vosotros.<\/p>\n<p><a href=\"https:\/\/www.laverdad.es\/murcia\/v\/20111009\/cultura\/canal-literatura-entrega-premios-20111009.html\" target=\"_blank\" rel=\"noopener noreferrer\"><img loading=\"lazy\" decoding=\"async\" style=\"border: 0px;\" title=\"Logo La Verdad.es\" src=\"https:\/\/www.canal-literatura.com\/themes\/3D-Fantasy\/images\/header\/logo_laverdad.gif\" border=\"0\" alt=\"La verdad.es\" width=\"171\" height=\"33\"><\/a><\/p>\n<p>Ver la noticia en LaVerdad.es<\/p>\n","protected":false},"excerpt":{"rendered":"<p>Pablo Beneito Arias entreg\u00f3 los premios a los ganadores y finalistas. A la izquierda de la foto, Pablo Beneito Arias, profesor titular de la Universidad de Murcia y experto en la figura del poeta y filos\u00f3fo Ibn Arab\u00ed, que entreg\u00f3 los premios a ganadores y finalistas. A su Lado, Daniele&#8230;<\/p>\n<p class=\"continue-reading-button\"> <a class=\"continue-reading-link\" href=\"https:\/\/www.canal-literatura.com\/7certamen\/premiodamasco\/?p=625\">Leer m\u00e1s<i class=\"crycon-right-dir\"><\/i><\/a><\/p>\n","protected":false},"author":1,"featured_media":0,"comment_status":"open","ping_status":"open","sticky":false,"template":"","format":"standard","meta":{"footnotes":""},"categories":[1],"tags":[21,16,30,20],"class_list":["post-625","post","type-post","status-publish","format-standard","hentry","category-sin-categoria","tag-21","tag-canal-literatura","tag-fotos","tag-fotos-entrega-de-premios"],"amp_enabled":true,"_links":{"self":[{"href":"https:\/\/www.canal-literatura.com\/7certamen\/premiodamasco\/index.php?rest_route=\/wp\/v2\/posts\/625","targetHints":{"allow":["GET"]}}],"collection":[{"href":"https:\/\/www.canal-literatura.com\/7certamen\/premiodamasco\/index.php?rest_route=\/wp\/v2\/posts"}],"about":[{"href":"https:\/\/www.canal-literatura.com\/7certamen\/premiodamasco\/index.php?rest_route=\/wp\/v2\/types\/post"}],"author":[{"embeddable":true,"href":"https:\/\/www.canal-literatura.com\/7certamen\/premiodamasco\/index.php?rest_route=\/wp\/v2\/users\/1"}],"replies":[{"embeddable":true,"href":"https:\/\/www.canal-literatura.com\/7certamen\/premiodamasco\/index.php?rest_route=%2Fwp%2Fv2%2Fcomments&post=625"}],"version-history":[{"count":2,"href":"https:\/\/www.canal-literatura.com\/7certamen\/premiodamasco\/index.php?rest_route=\/wp\/v2\/posts\/625\/revisions"}],"predecessor-version":[{"id":798,"href":"https:\/\/www.canal-literatura.com\/7certamen\/premiodamasco\/index.php?rest_route=\/wp\/v2\/posts\/625\/revisions\/798"}],"wp:attachment":[{"href":"https:\/\/www.canal-literatura.com\/7certamen\/premiodamasco\/index.php?rest_route=%2Fwp%2Fv2%2Fmedia&parent=625"}],"wp:term":[{"taxonomy":"category","embeddable":true,"href":"https:\/\/www.canal-literatura.com\/7certamen\/premiodamasco\/index.php?rest_route=%2Fwp%2Fv2%2Fcategories&post=625"},{"taxonomy":"post_tag","embeddable":true,"href":"https:\/\/www.canal-literatura.com\/7certamen\/premiodamasco\/index.php?rest_route=%2Fwp%2Fv2%2Ftags&post=625"}],"curies":[{"name":"wp","href":"https:\/\/api.w.org\/{rel}","templated":true}]}}