{"id":450,"date":"2011-03-20T15:33:17","date_gmt":"2011-03-20T14:33:17","guid":{"rendered":"http:\/\/www.canal-literatura.com\/7certamen\/premiodamasco\/?p=450"},"modified":"2020-06-15T18:23:23","modified_gmt":"2020-06-15T17:23:23","slug":"ganadores-y-finalistas-del-premios-especial-tras-las-huellas-de-ibn-arabi","status":"publish","type":"post","link":"https:\/\/www.canal-literatura.com\/7certamen\/premiodamasco\/?p=450","title":{"rendered":"Ganadores y finalistas del Premios Especial \u00abTras las huellas de Ibn Arab\u00ed\u00bb"},"content":{"rendered":"<p><center><br \/>\n<img loading=\"lazy\" decoding=\"async\" title=\"Sede y jurado del  I. Cervantes de Damasco\" src=\"https:\/\/www.canal-literatura.com\/Noticias\/jurado-sedeICDamasco.jpg\" alt=\"Sede y jurado del I. Cervantes de Damasco\" width=\"200\" height=\"267\" \/><br \/>\nSede y jurado del I. Cervantes de Damasco\u00bb<\/center><\/p>\n<p><em>Damasco, 20 de Marzo de 2011<\/em><br \/>\nReunido en la ciudad de Damasco el jurado del Premio Especial \u201cTras las Huellas de Ibn Arab\u00ed\u201d, compuesto por <strong>D\u00aa Teresa Izquierdo Revilla, D. Fairuz Montaha, D\u00aa Hanne Massad, D. Antonio Jurado Aceituno, D. Nahi Alech, D. Bassam Al Sakka, D\u00aa Mirelle Massaad <\/strong>y presidido por el director del Instituto Cervantes de Damasco, <strong>D. Pablo Mart\u00edn Asuero<\/strong>, se ha dado a conocer el fallo definitivo con los ganadores y finalistas elegidos entre los trabajos presentados.<br \/>\nEl resultado es el siguiente.<\/p>\n<p><strong>Categor\u00eda Multimedia- Videos: <\/strong><\/p>\n<p>Ganador: \ufeff<strong>Pedro Jes\u00fas Fern\u00e1ndez Ruiz (Murcia) con 6- El susurro del R\u00edo Blanco. Por Viajero<\/strong><br \/>\nFinalista: <strong>Daniele Branchina (Murcia) con 20- Buscando. Por Inquiet@<\/strong><\/p>\n<p><strong>Categor\u00eda Im\u00e1genes:<\/strong><\/p>\n<p>Ganador: <strong>Manuel Brescan\u00e9 Mu\u00f1oz (Murcia) con 30- \u201c\u00a1Oh, jard\u00edn del valle!\u201d. Por Ibn Thader<\/strong><br \/>\nFinalista: <strong>M\u00aa Luisa Torrecillas P\u00e9rez (Murcia) con 10- Huellas de Ibn Arabi en el siglo XXI. Por Aldonza<\/strong><\/p>\n<p><strong>Categor\u00eda Textos:<\/strong><\/p>\n<p>Ganador: <strong>Ana M\u00aa Galv\u00e1n Rocha \u2013 (M\u00e9xico DF) con 18- Ibn. Por Paulina<\/strong><br \/>\nFinalista: <strong>Virginia Cant\u00f3 Ram\u00edrez (Madrid) con 8- Mi verso Ap\u00f3crifo. Por Antian\u00f3nimo<\/strong><\/p>\n<p>En los pr\u00f3ximos d\u00edas se informar\u00e1 a los concursantes de los premios obtenidos, que se entregar\u00e1n en la cena entrega de premios anual que celebra la Asociaci\u00f3n Canal Literatura cada a\u00f1o y de cuya fecha se informar\u00e1 con la suficiente antelaci\u00f3n.<\/p>\n<p>\u00a1Enhorabuena a los ganadores y a todos los concursantes por su extraordinaria aportaci\u00f3n a este premio especial dedicado a Ibn Arab\u00ed.!<\/p>\n<p><a href=\"https:\/\/www.laverdad.es\/murcia\/ocio\/noticia-canaliteratura-ganadore-201103222219.html\" target=\"_blank\" rel=\"noopener noreferrer\"><img loading=\"lazy\" decoding=\"async\" style=\"border: 0px;\" title=\"Logo La Verdad.es\" src=\"https:\/\/www.canal-literatura.com\/themes\/3D-Fantasy\/images\/header\/logo_laverdad.gif\" border=\"0\" alt=\"La verdad.es\" width=\"171\" height=\"33\" \/><\/a><\/p>\n<p>Ver la noticia en LaVerdad.es<\/p>\n<p><a title=\"Noticiascadadia.com\" <img loading=\"lazy\" decoding=\"async\" title=\"Noticiascadad\u00eda.com\" src=\"https:\/\/www.canal-literatura.com\/banner\/noticiascadadia.jpg\" alt=\"Noticiascadad\u00eda.com\" width=\"300\" height=\"48\" \/><\/a> <\/p>\n","protected":false},"excerpt":{"rendered":"<p>Sede y jurado del I. Cervantes de Damasco\u00bb Damasco, 20 de Marzo de 2011 Reunido en la ciudad de Damasco el jurado del Premio Especial \u201cTras las Huellas de Ibn Arab\u00ed\u201d, compuesto por D\u00aa Teresa Izquierdo Revilla, D. Fairuz Montaha, D\u00aa Hanne Massad, D. Antonio Jurado Aceituno, D. Nahi Alech,&#8230;<\/p>\n<p class=\"continue-reading-button\"> <a class=\"continue-reading-link\" href=\"https:\/\/www.canal-literatura.com\/7certamen\/premiodamasco\/?p=450\">Leer m\u00e1s<i class=\"crycon-right-dir\"><\/i><\/a><\/p>\n","protected":false},"author":1,"featured_media":0,"comment_status":"open","ping_status":"open","sticky":false,"template":"","format":"standard","meta":{"footnotes":""},"categories":[1],"tags":[14,10,9,12],"class_list":["post-450","post","type-post","status-publish","format-standard","hentry","category-sin-categoria","tag-fotografia","tag-ibn-arabi","tag-texto","tag-video"],"amp_enabled":true,"_links":{"self":[{"href":"https:\/\/www.canal-literatura.com\/7certamen\/premiodamasco\/index.php?rest_route=\/wp\/v2\/posts\/450","targetHints":{"allow":["GET"]}}],"collection":[{"href":"https:\/\/www.canal-literatura.com\/7certamen\/premiodamasco\/index.php?rest_route=\/wp\/v2\/posts"}],"about":[{"href":"https:\/\/www.canal-literatura.com\/7certamen\/premiodamasco\/index.php?rest_route=\/wp\/v2\/types\/post"}],"author":[{"embeddable":true,"href":"https:\/\/www.canal-literatura.com\/7certamen\/premiodamasco\/index.php?rest_route=\/wp\/v2\/users\/1"}],"replies":[{"embeddable":true,"href":"https:\/\/www.canal-literatura.com\/7certamen\/premiodamasco\/index.php?rest_route=%2Fwp%2Fv2%2Fcomments&post=450"}],"version-history":[{"count":0,"href":"https:\/\/www.canal-literatura.com\/7certamen\/premiodamasco\/index.php?rest_route=\/wp\/v2\/posts\/450\/revisions"}],"wp:attachment":[{"href":"https:\/\/www.canal-literatura.com\/7certamen\/premiodamasco\/index.php?rest_route=%2Fwp%2Fv2%2Fmedia&parent=450"}],"wp:term":[{"taxonomy":"category","embeddable":true,"href":"https:\/\/www.canal-literatura.com\/7certamen\/premiodamasco\/index.php?rest_route=%2Fwp%2Fv2%2Fcategories&post=450"},{"taxonomy":"post_tag","embeddable":true,"href":"https:\/\/www.canal-literatura.com\/7certamen\/premiodamasco\/index.php?rest_route=%2Fwp%2Fv2%2Ftags&post=450"}],"curies":[{"name":"wp","href":"https:\/\/api.w.org\/{rel}","templated":true}]}}