{"id":405,"date":"2011-03-04T21:11:08","date_gmt":"2011-03-04T20:11:08","guid":{"rendered":"http:\/\/www.canal-literatura.com\/7certamen\/premiodamasco\/?p=405"},"modified":"2020-06-15T18:33:18","modified_gmt":"2020-06-15T17:33:18","slug":"34-campamentos-desaparecidos-y-pasion-renovada-por-salam","status":"publish","type":"post","link":"https:\/\/www.canal-literatura.com\/7certamen\/premiodamasco\/?p=405","title":{"rendered":"34- Campamentos desaparecidos y pasi\u00f3n renovada. Por Salam"},"content":{"rendered":"<p><a title=\"Campamentos desaparecidos y pasi\u00f3n renovada. Por Salam\" href=\"campamentos800-MbellasArtesRegiondeMurcia-autor-MBM.jpg\" target=\"_blank\" rel=\"noopener noreferrer\"><img loading=\"lazy\" decoding=\"async\" title=\"  Campamentos desaparecidos y pasi\u00f3n renovada. Por Salam\" src=\"https:\/\/www.canal-literatura.com\/7certamen\/premiodamasco\/fotos\/campamentos400-MbellasArtesRegiondeMurcia-autor-MBM.jpg\" alt=\"Campamentos desaparecidos y pasi\u00f3n renovada. Por Salam\" width=\"500\" height=\"267\" \/><\/a><\/p>\n<p><span style=\"font-size:small;\">\u00a9Museo de Bellas Artes de Murcia. Consejer\u00eda de Cultura y Turismo. Comunidad Aut\u00f3noma de la Regi\u00f3n de Murcia.<\/span><\/p>\n","protected":false},"excerpt":{"rendered":"<p>\u00a9Museo de Bellas Artes de Murcia. Consejer\u00eda de Cultura y Turismo. Comunidad Aut\u00f3noma de la Regi\u00f3n de Murcia.<\/p>\n<p class=\"continue-reading-button\"> <a class=\"continue-reading-link\" href=\"https:\/\/www.canal-literatura.com\/7certamen\/premiodamasco\/?p=405\">Leer m\u00e1s<i class=\"crycon-right-dir\"><\/i><\/a><\/p>\n","protected":false},"author":1,"featured_media":0,"comment_status":"open","ping_status":"open","sticky":false,"template":"","format":"standard","meta":{"footnotes":""},"categories":[4],"tags":[14,10],"class_list":["post-405","post","type-post","status-publish","format-standard","hentry","category-imagenes","tag-fotografia","tag-ibn-arabi"],"amp_enabled":true,"_links":{"self":[{"href":"https:\/\/www.canal-literatura.com\/7certamen\/premiodamasco\/index.php?rest_route=\/wp\/v2\/posts\/405","targetHints":{"allow":["GET"]}}],"collection":[{"href":"https:\/\/www.canal-literatura.com\/7certamen\/premiodamasco\/index.php?rest_route=\/wp\/v2\/posts"}],"about":[{"href":"https:\/\/www.canal-literatura.com\/7certamen\/premiodamasco\/index.php?rest_route=\/wp\/v2\/types\/post"}],"author":[{"embeddable":true,"href":"https:\/\/www.canal-literatura.com\/7certamen\/premiodamasco\/index.php?rest_route=\/wp\/v2\/users\/1"}],"replies":[{"embeddable":true,"href":"https:\/\/www.canal-literatura.com\/7certamen\/premiodamasco\/index.php?rest_route=%2Fwp%2Fv2%2Fcomments&post=405"}],"version-history":[{"count":0,"href":"https:\/\/www.canal-literatura.com\/7certamen\/premiodamasco\/index.php?rest_route=\/wp\/v2\/posts\/405\/revisions"}],"wp:attachment":[{"href":"https:\/\/www.canal-literatura.com\/7certamen\/premiodamasco\/index.php?rest_route=%2Fwp%2Fv2%2Fmedia&parent=405"}],"wp:term":[{"taxonomy":"category","embeddable":true,"href":"https:\/\/www.canal-literatura.com\/7certamen\/premiodamasco\/index.php?rest_route=%2Fwp%2Fv2%2Fcategories&post=405"},{"taxonomy":"post_tag","embeddable":true,"href":"https:\/\/www.canal-literatura.com\/7certamen\/premiodamasco\/index.php?rest_route=%2Fwp%2Fv2%2Ftags&post=405"}],"curies":[{"name":"wp","href":"https:\/\/api.w.org\/{rel}","templated":true}]}}