{"id":391,"date":"2011-03-03T00:10:57","date_gmt":"2011-03-02T23:10:57","guid":{"rendered":"http:\/\/www.canal-literatura.com\/7certamen\/premiodamasco\/?p=391"},"modified":"2020-06-15T18:34:59","modified_gmt":"2020-06-15T17:34:59","slug":"33-%e2%80%9c%e2%80%a6el-amor-es-mi-credo-y-mi-fe-%e2%80%9d-por-nizan","status":"publish","type":"post","link":"https:\/\/www.canal-literatura.com\/7certamen\/premiodamasco\/?p=391","title":{"rendered":"33- \u201c\u2026El amor es mi credo y mi fe.\u201d Por Nizan"},"content":{"rendered":"<p><a href=\"https:\/\/www.canal-literatura.com\/7certamen\/premiodamasco\/fotos\/ELAMOR800-MbellasArtesRegiondeMurcia-autor-MBM.jpg\"><img decoding=\"async\" title=\"\u201c\u2026EL AMOR ES MI CREDO Y MI FE.\u201d Por Nizan\" src=\"https:\/\/www.canal-literatura.com\/7certamen\/premiodamasco\/fotos\/ELAMOR400-MbellasArtesRegiondeMurcia-autor-MBM.jpg\" alt=\"\u201c\u2026EL AMOR ES MI CREDO Y MI FE.\u201d Por Nizan\" width=\"500\" height=\"\" \/><\/a><\/p>\n<p><span style=\"font-size:small;\">\u00a9Museo de Bellas Artes de Murcia. Consejer\u00eda de Cultura y Turismo. Comunidad Aut\u00f3noma de la Regi\u00f3n de Murcia.<\/span><\/p>\n","protected":false},"excerpt":{"rendered":"<p>\u00a9Museo de Bellas Artes de Murcia. Consejer\u00eda de Cultura y Turismo. Comunidad Aut\u00f3noma de la Regi\u00f3n de Murcia.<\/p>\n<p class=\"continue-reading-button\"> <a class=\"continue-reading-link\" href=\"https:\/\/www.canal-literatura.com\/7certamen\/premiodamasco\/?p=391\">Leer m\u00e1s<i class=\"crycon-right-dir\"><\/i><\/a><\/p>\n","protected":false},"author":1,"featured_media":0,"comment_status":"open","ping_status":"open","sticky":false,"template":"","format":"standard","meta":{"footnotes":""},"categories":[4],"tags":[14,10],"class_list":["post-391","post","type-post","status-publish","format-standard","hentry","category-imagenes","tag-fotografia","tag-ibn-arabi"],"amp_enabled":true,"_links":{"self":[{"href":"https:\/\/www.canal-literatura.com\/7certamen\/premiodamasco\/index.php?rest_route=\/wp\/v2\/posts\/391","targetHints":{"allow":["GET"]}}],"collection":[{"href":"https:\/\/www.canal-literatura.com\/7certamen\/premiodamasco\/index.php?rest_route=\/wp\/v2\/posts"}],"about":[{"href":"https:\/\/www.canal-literatura.com\/7certamen\/premiodamasco\/index.php?rest_route=\/wp\/v2\/types\/post"}],"author":[{"embeddable":true,"href":"https:\/\/www.canal-literatura.com\/7certamen\/premiodamasco\/index.php?rest_route=\/wp\/v2\/users\/1"}],"replies":[{"embeddable":true,"href":"https:\/\/www.canal-literatura.com\/7certamen\/premiodamasco\/index.php?rest_route=%2Fwp%2Fv2%2Fcomments&post=391"}],"version-history":[{"count":0,"href":"https:\/\/www.canal-literatura.com\/7certamen\/premiodamasco\/index.php?rest_route=\/wp\/v2\/posts\/391\/revisions"}],"wp:attachment":[{"href":"https:\/\/www.canal-literatura.com\/7certamen\/premiodamasco\/index.php?rest_route=%2Fwp%2Fv2%2Fmedia&parent=391"}],"wp:term":[{"taxonomy":"category","embeddable":true,"href":"https:\/\/www.canal-literatura.com\/7certamen\/premiodamasco\/index.php?rest_route=%2Fwp%2Fv2%2Fcategories&post=391"},{"taxonomy":"post_tag","embeddable":true,"href":"https:\/\/www.canal-literatura.com\/7certamen\/premiodamasco\/index.php?rest_route=%2Fwp%2Fv2%2Ftags&post=391"}],"curies":[{"name":"wp","href":"https:\/\/api.w.org\/{rel}","templated":true}]}}