{"id":102,"date":"2010-04-27T13:00:23","date_gmt":"2010-04-27T11:00:23","guid":{"rendered":"http:\/\/www.canal-literatura.com\/7certamen\/premiodamasco\/?p=102"},"modified":"2020-06-15T19:13:17","modified_gmt":"2020-06-15T18:13:17","slug":"se-convoca-el-premio-especial-tras-las-huellas-de-ibn-arabi","status":"publish","type":"post","link":"https:\/\/www.canal-literatura.com\/7certamen\/premiodamasco\/?p=102","title":{"rendered":"Se convoca el Premio Especial \u00abTras las huellas de Ibn Arabi\u00bb"},"content":{"rendered":"<p style=\"text-align: left;\">A partir de hoy d\u00eda 27 de abril\u00a0 y\u00a0 \u00a0<strong>hasta el d\u00eda 10 de septiembre<\/strong> de 2010\u00a0 se podr\u00e1n enviar originales en las tres categr\u00edas a concurso: Texto (prosa y poes\u00eda), Fotograf\u00eda\u00a0 y formato Video-Multim\u00e9dia. Rogamos leer detenidamente las <a title=\"Bsesa del Premio especial\" href=\"https:\/\/www.canal-literatura.com\/7certamen\/premiodamasco\/?page_id=5\" target=\"_blank\" rel=\"noopener noreferrer\">BASES<\/a>\u00a0 as\u00ed como utilizar los formularios oficiales del certamen.<\/p>\n<p><center><img loading=\"lazy\" decoding=\"async\" class=\"aligncenter\" title=\"Premio Especial \"Tras las Huellas de IBN ARABI\" src=\"https:\/\/www.canal-literatura.com\/7certamen\/premiodamasco\/banner\/banner-222x222.jpg\" alt=\"Premio Especial \"Tras las Huellas de IBN ARABI\" width=\"222\" height=\"222\" \/><\/p>\n<p><\/center><\/p>\n<p style=\"text-align: justify;\">En colaboraci\u00f3n con el <strong>Instituto Cervantes y la Biblioteca \u00c1lvaro Cunqueiro de Damasco<\/strong>, este premio especial est\u00e1 centrado en la figura del poeta y filosofo andalus\u00ed <strong>IBN ARABI<\/strong>, nacido en Murcia y fallecido en Damasco y tiene como objetivo el intercambio cultural\u00a0 entre ambos lados del mediterr\u00e1neo\u00a0ayundado a crear puntos de encuantro que\u00a0mejoren \u00a0el conocimiento\u00a0 de los lazos que nos unen.\u00a0<\/p>\n<p style=\"text-align: justify;\"><strong>Pablo Mart\u00edn Asuero<\/strong>, Director del I.Cervantes de Damasco, presidir\u00e1 los\u00a0 jurados de las tres categor\u00edas a concurso junto a su equipo multidisciplinar del centro espa\u00f1ol \u00a0en Siria.<\/p>\n<p>La entrega de premios se anunciar\u00e1 con antelaci\u00f3n suficiente.<\/p>\n<p><a href=\"https:\/\/www.laverdad.es\/murcia\/ocio\/canal-literatura-convoca-premio-201004281012.html\" target=\"_blank\" rel=\"noopener noreferrer\"><img loading=\"lazy\" decoding=\"async\" style=\"border: 0px;\" title=\"Logo La Verdad.es\" src=\"https:\/\/www.canal-literatura.com\/themes\/3D-Fantasy\/images\/header\/logo_laverdad.gif\" border=\"0\" alt=\"La verdad.es\" width=\"171\" height=\"33\" \/><\/a><\/p>\n<p>Ver la noticia en LaVerdad.es<\/p>\n","protected":false},"excerpt":{"rendered":"<p>A partir de hoy d\u00eda 27 de abril  y   hasta el d\u00eda 10 de septiembre de 2010  se podr\u00e1n enviar originales en las tres categr\u00edas a concurso<\/p>\n<p class=\"continue-reading-button\"> <a class=\"continue-reading-link\" href=\"https:\/\/www.canal-literatura.com\/7certamen\/premiodamasco\/?p=102\">Leer m\u00e1s<i class=\"crycon-right-dir\"><\/i><\/a><\/p>\n","protected":false},"author":1,"featured_media":655,"comment_status":"open","ping_status":"open","sticky":false,"template":"","format":"standard","meta":{"footnotes":""},"categories":[1],"tags":[23,24],"class_list":["post-102","post","type-post","status-publish","format-standard","has-post-thumbnail","hentry","category-sin-categoria","tag-convoca","tag-premio-especial"],"amp_enabled":true,"_links":{"self":[{"href":"https:\/\/www.canal-literatura.com\/7certamen\/premiodamasco\/index.php?rest_route=\/wp\/v2\/posts\/102","targetHints":{"allow":["GET"]}}],"collection":[{"href":"https:\/\/www.canal-literatura.com\/7certamen\/premiodamasco\/index.php?rest_route=\/wp\/v2\/posts"}],"about":[{"href":"https:\/\/www.canal-literatura.com\/7certamen\/premiodamasco\/index.php?rest_route=\/wp\/v2\/types\/post"}],"author":[{"embeddable":true,"href":"https:\/\/www.canal-literatura.com\/7certamen\/premiodamasco\/index.php?rest_route=\/wp\/v2\/users\/1"}],"replies":[{"embeddable":true,"href":"https:\/\/www.canal-literatura.com\/7certamen\/premiodamasco\/index.php?rest_route=%2Fwp%2Fv2%2Fcomments&post=102"}],"version-history":[{"count":0,"href":"https:\/\/www.canal-literatura.com\/7certamen\/premiodamasco\/index.php?rest_route=\/wp\/v2\/posts\/102\/revisions"}],"wp:featuredmedia":[{"embeddable":true,"href":"https:\/\/www.canal-literatura.com\/7certamen\/premiodamasco\/index.php?rest_route=\/wp\/v2\/media\/655"}],"wp:attachment":[{"href":"https:\/\/www.canal-literatura.com\/7certamen\/premiodamasco\/index.php?rest_route=%2Fwp%2Fv2%2Fmedia&parent=102"}],"wp:term":[{"taxonomy":"category","embeddable":true,"href":"https:\/\/www.canal-literatura.com\/7certamen\/premiodamasco\/index.php?rest_route=%2Fwp%2Fv2%2Fcategories&post=102"},{"taxonomy":"post_tag","embeddable":true,"href":"https:\/\/www.canal-literatura.com\/7certamen\/premiodamasco\/index.php?rest_route=%2Fwp%2Fv2%2Ftags&post=102"}],"curies":[{"name":"wp","href":"https:\/\/api.w.org\/{rel}","templated":true}]}}