{"id":93,"date":"2007-03-23T15:25:15","date_gmt":"2007-03-23T14:25:15","guid":{"rendered":"http:\/\/www.canal-literatura.com\/4certamen\/?p=93"},"modified":"2007-03-23T15:25:15","modified_gmt":"2007-03-23T14:25:15","slug":"71-senales-por-nomecreona","status":"publish","type":"post","link":"https:\/\/www.canal-literatura.com\/4certamen\/?p=93","title":{"rendered":"71- Se\u00f1ales. Por Nomecreona"},"content":{"rendered":"<div class=\"pdfprnt-buttons pdfprnt-buttons-post pdfprnt-top-right\"><a href=\"https:\/\/www.canal-literatura.com\/4certamen\/index.php?rest_route=%2Fwp%2Fv2%2Fposts%2F93&print=print\" class=\"pdfprnt-button pdfprnt-button-print\" target=\"_blank\" ><img decoding=\"async\" src=\"https:\/\/www.canal-literatura.com\/4certamen\/wp-content\/plugins\/pdf-print\/images\/print.png\" alt=\"image_print\" title=\"Imprimir contenido\" \/><\/a><\/div><p class=\"MsoNormal\" style=\"margin: 0cm 0cm 0pt\"><span style=\"font-size: 10pt; color: #333333; font-family: Verdana\">&#8211; No s\u00e9 si sabes que de chaval sub\u00eda aqu\u00ed con los amigos cuando despist\u00e1bamos a los frailes; cog\u00edamos nidos de golondrinas y com\u00edamos manzanas que rob\u00e1bamos del huerto del T\u00edo Eusebio. <!--more-->Habl\u00e1bamos de nuestras cosas, normalmente de historias de miedo y de aparecidos o de los pechos de las ni\u00f1as de la escuela; que a esa edad no dejaban de llamarnos la atenci\u00f3n.<\/p>\n<p>&#8211; Despu\u00e9s arreglaron la iglesia, pusieron una puerta enorme de hierro a la entrada de la escalerilla y ya solo pod\u00eda ven\u00eda aqu\u00ed arriba con el abuelo Luis, que ten\u00eda la llave. Hasta que muri\u00f3 y los frailes contrataron a otro campanero, porque madre quer\u00eda que yo estudiara en vez de ser campanero. Desde entonces no hab\u00eda vuelto a subir hasta hoy.<\/p>\n<p>-Es el sitio m\u00e1s alto del pueblo, se ven todas las calles, las plazoletas y los tejados; las veredas del ganado que se alejan hacia el monte y la carretera, que es aquella l\u00ednea de all\u00e1, que se acerca hasta que desemboca en la entrada de la calle Real, ah\u00ed abajo; junto al colegio y el cine de verano. Madre me cont\u00f3 que os conocisteis all\u00ed, en una verbena de las fiestas del Patr\u00f3n.<\/p>\n<p>-A m\u00ed siempre me han cautivado las campanas; fue el abuelo Luis, ya sabes, que quer\u00eda que le siguiera el oficio, el que me ense\u00f1\u00f3 el significado de cada uno de los toques, la forma en que sonaban y cu\u00e1les de las cuatro grandes y las dos peque\u00f1as eran las que ta\u00f1\u00edan en cada una de las llamadas.<\/p>\n<p>&#8211; Mam\u00e1 dice que eras muy bueno, pero que nunca te llevaste bien con el abuelo; yo creo que tampoco os dio demasiado tiempo, que seguro hubieseis sido amigos al final. El tambi\u00e9n era muy bueno, algo cabezota, pero es que era de otros tiempos. El caso es que del Abuelo Luis me acuerdo siempre; de ti casi no me puedo acordar, te fuiste demasiado pronto.<\/p>\n<p>&#8211; Mira, todas tienen nombre \u00bfSab\u00edas que las campanas se bautizan? Igual que los ni\u00f1os; les ponen nombre, con sus padrinos y todo. Las limpian con agua bendita y les hacen cruces, cuatro por dentro con el aceite que le ponen a los bautizados y siete por fuera, con otro que llaman infirmorum. El abuelo dec\u00eda que si no fuese por ellas, \u00e9l no pisar\u00eda la iglesia; no le gustaban los frailes, pero los aguantaba por estar junto a sus campanas.<\/p>\n<p>&#8211; Esta es la m\u00e1s grande, se llama \u201cPur\u00edsima concepci\u00f3n\u201d, tiene mas de trescientos a\u00f1os y pesa mas de mil kilos; al parecer y seg\u00fan pone en esa inscripci\u00f3n, la pag\u00f3 un tal Don Fernando de Las Altas Torres; que deb\u00eda de ser un se\u00f1or con much\u00edsimo dinero, porque imag\u00ednate lo que debe de costar eso tan grande y tan pesado. En el pueblo la llaman \u201cLa Mayor\u201d y cuando suena, casi no se puede estar aqu\u00ed, por eso el abuelo estaba tan sordo. Es la que se usa para las misas importantes, el domingo de resurrecci\u00f3n, las fiestas mayores&#8230; Tambi\u00e9n se usa en el volteo general, que se hace en las procesiones y otras ocasiones se\u00f1aladas de los frailes.<\/p>\n<p>&#8211; Y aquella que da al sur, se llama Santa Rafaela, suena bien fuerte tambi\u00e9n aquella. Se hace repicar para las misas de domingo junto a las peque\u00f1as y luego se dan tres golpes mas si falta media hora, dos si falta un cuarto y uno cuando ya va a empezar, eso con \u00e9sta de la izquierda; San Pedro; que tambi\u00e9n la pag\u00f3 el tal Don Fernando ese; seguro que fue al cielo a base de pagar tanta campana. Con San Pedro, Santa Rafaela y una de las peque\u00f1as se doblan a muerto; al final se tocan las dos a la vez tres veces si es un hombre y dos si se trata de mujer.<\/p>\n<p>&#8211; Y la de la derecha se llama San Sebasti\u00e1n, como el Patr\u00f3n; es la que suena m\u00e1s alegre y creo que la que se oye desde m\u00e1s lejos; debe de ser porque esa se pag\u00f3 por suscripci\u00f3n popular. El abuelo dec\u00eda que es la m\u00e1s orgullosa porque sabe el trabajo que cost\u00f3 fundirla, real a real. Es la que se utiliza cuando hay bodas o bautizos y la que toca para \u201cperdidos\u201d; \u201crebato\u201d cuando hay fuego a o a \u201cnublo\u201d, para avisar que se acerca una tormenta. Las dos peque\u00f1as que hay sobre la Mayor no tienen nombre; se ve que al ser chiquitas a ning\u00fan santo les vinieron bien.<\/p>\n<p>&#8211; All\u00ed, debajo de ese tejado viv\u00eda el abuelo, ten\u00eda que vivir cerca para poder venir cada dos por tres a dar el toque que correspondiera. Tambi\u00e9n viv\u00edamos nosotros cuando nos tuvimos que venir con \u00e9l. Despu\u00e9s nos fuimos a otra casa m\u00e1s grande, pero \u00e9l se qued\u00f3 aqu\u00ed, no quer\u00eda separarse de sus campanas.<\/p>\n<p>&#8211; Por la ma\u00f1ana, muy temprano tocaba \u201cAl Alba\u201d con Santa Rafaela. Daba una serie de badajazos r\u00e1pidos, como un minuto m\u00e1s o menos y lo hac\u00eda desde aqu\u00ed mismo, a mano; porque el repique hay que hacerlo cogiendo en corto la cuerda del badajo. Imag\u00ednate a su edad subiendo por esas escalerillas cuando casi ni hab\u00eda amanecido. Pero as\u00ed la gente sab\u00eda que era la hora de ponerse en marcha y comenzar a trabajar.<\/p>\n<p>&#8211; Despu\u00e9s a mediod\u00eda, tocaba el \u00c1ngelus, tres toques seguidos con Santa Rafaela; descanso y otros tres&#8230; as\u00ed, tres veces. La gente se paraba a rezar una oraci\u00f3n a la Virgen Mar\u00eda; los que ten\u00edan sombrero se lo quitaban y en el campo paraban hasta los arados; tambi\u00e9n era el toque para avisar del descanso para la comida. A la atardecida se da otro igual, \u201cAve Mar\u00eda\u201d y vuelta con la Oraci\u00f3n a la Virgen. El abuelo nunca rezaba a la Virgen, dec\u00eda que bastante hac\u00eda con avisar a la gente.<\/p>\n<p>&#8211; Y ya m\u00e1s tarde, cuando era noche, daba el toque de \u00e1nimas, que avisaba que era tiempo de descansar. Estar mas tarde fuera de casa ya no era bien visto; la gente se apresuraba si le cog\u00eda ese toque en la calle para llegar cuanto antes a casa.<\/p>\n<p>&#8211; Con las peque\u00f1as se toca a mortichuelo, que es cuando se muere un ni\u00f1o que no est\u00e1 bautizado. O a Gloria, acompa\u00f1adas con San Pedro si ya estaba cristianao.<\/p>\n<p>&#8211; Al abuelo es que daba gloria verlo cuando las tocaba\u2026 con \u00e9l cantaban cuando era d\u00eda de alegr\u00eda o lloraban si el momento era de pena o de dolor. No necesitaba ni reloj, sab\u00eda que hora era siempre mirando la sombra del campanario en la plaza.<\/p>\n<p>&#8211; Mira, ya est\u00e1 casi llena la plaza, todos esperan a que llegue la familia y el coche f\u00fanebre. En los pueblos es lo que pasa, cuando hay una desgracia; unos por curiosidad y otros porque lo sienten, pero acuden todos. Hoy se va a llenar la iglesia, ya ver\u00e1s\u2026<\/p>\n<p>&#8211; Ya sube all\u00ed madre \u00bfLa ves?&#8230; pobre, la de palos que le ha dado la vida; pero ah\u00ed est\u00e1, con cara de decir que no van a poder con ella. La pobre no se va a poder quitar nunca el luto\u2026 Hay que ver como se le parece Isabel, m\u00edralas, las dos de negro, si parece que fueran hermanas, en cambio Teresa parece de otra familia, f\u00edjate que es mas alta y muy delgada, sali\u00f3 a ti, ya ves.<\/p>\n<p>-Y al lado va Raquel, mi mujer, no es de aqu\u00ed \u00bfsabes? La conoc\u00ed en el banco, en la ciudad, pero le gusta mucho el pueblo, cada vez que hemos podido ven\u00edamos a pasar unos d\u00edas o las vacaciones. Y Miguelito, mi chaval, tambi\u00e9n se me parece ehhh\u2026 M\u00edralo que guapo y que grande est\u00e1; pobrecito, creo que a\u00fan no ha entendido esto del todo, ya veremos cuando pasen unos d\u00edas y me eche de menos a ver lo que hace.<\/p>\n<p>-Pero vamos\u2026 yo ya estoy preparado y San Pedro y Santa Rafaela llevan rato tocando a muerto. Tengo un poco de miedo \u00bfsabes?, por eso no paro de hablar, por los nervios; es que no se muere uno todos los d\u00edas&#8230; Pero si t\u00fa estas aqu\u00ed y el abuelo tocando sus campanas, tampoco debe ser tan malo.<\/p>\n<p>Campana de mi lugar \/ t\u00fa me quieres bien de veras \/ cantaste cuando nac\u00ed \/ llorar\u00e1s cuando me muera. (Desconocido)<\/span><\/p>\n","protected":false},"excerpt":{"rendered":"<p>&#8211; No s\u00e9 si sabes que de chaval sub\u00eda aqu\u00ed con los amigos cuando despist\u00e1bamos a los frailes; cog\u00edamos nidos de golondrinas y com\u00edamos manzanas que rob\u00e1bamos del huerto del T\u00edo Eusebio.<\/p>\n","protected":false},"author":1,"featured_media":0,"comment_status":"open","ping_status":"open","sticky":false,"template":"","format":"standard","meta":{"footnotes":""},"categories":[2],"tags":[],"class_list":["post-93","post","type-post","status-publish","format-standard","hentry","category-relatos"],"_links":{"self":[{"href":"https:\/\/www.canal-literatura.com\/4certamen\/index.php?rest_route=\/wp\/v2\/posts\/93","targetHints":{"allow":["GET"]}}],"collection":[{"href":"https:\/\/www.canal-literatura.com\/4certamen\/index.php?rest_route=\/wp\/v2\/posts"}],"about":[{"href":"https:\/\/www.canal-literatura.com\/4certamen\/index.php?rest_route=\/wp\/v2\/types\/post"}],"author":[{"embeddable":true,"href":"https:\/\/www.canal-literatura.com\/4certamen\/index.php?rest_route=\/wp\/v2\/users\/1"}],"replies":[{"embeddable":true,"href":"https:\/\/www.canal-literatura.com\/4certamen\/index.php?rest_route=%2Fwp%2Fv2%2Fcomments&post=93"}],"version-history":[{"count":0,"href":"https:\/\/www.canal-literatura.com\/4certamen\/index.php?rest_route=\/wp\/v2\/posts\/93\/revisions"}],"wp:attachment":[{"href":"https:\/\/www.canal-literatura.com\/4certamen\/index.php?rest_route=%2Fwp%2Fv2%2Fmedia&parent=93"}],"wp:term":[{"taxonomy":"category","embeddable":true,"href":"https:\/\/www.canal-literatura.com\/4certamen\/index.php?rest_route=%2Fwp%2Fv2%2Fcategories&post=93"},{"taxonomy":"post_tag","embeddable":true,"href":"https:\/\/www.canal-literatura.com\/4certamen\/index.php?rest_route=%2Fwp%2Fv2%2Ftags&post=93"}],"curies":[{"name":"wp","href":"https:\/\/api.w.org\/{rel}","templated":true}]}}