{"id":86,"date":"2007-03-22T23:23:56","date_gmt":"2007-03-22T22:23:56","guid":{"rendered":"http:\/\/www.canal-literatura.com\/4certamen\/?p=86"},"modified":"2007-03-29T19:25:35","modified_gmt":"2007-03-29T18:25:35","slug":"el-periodico-digital-laverdades-y-canal-literaturacom-llegan-a-un-acuerdo-de-colaboracion","status":"publish","type":"post","link":"https:\/\/www.canal-literatura.com\/4certamen\/?p=86","title":{"rendered":"El peri\u00f3dico digital LaVerdad.es y Canal-Literatura.com llegan a un acuerdo de colaboraci\u00f3n."},"content":{"rendered":"<div class=\"pdfprnt-buttons pdfprnt-buttons-post pdfprnt-top-right\"><a href=\"https:\/\/www.canal-literatura.com\/4certamen\/index.php?rest_route=%2Fwp%2Fv2%2Fposts%2F86&print=print\" class=\"pdfprnt-button pdfprnt-button-print\" target=\"_blank\" ><img decoding=\"async\" src=\"https:\/\/www.canal-literatura.com\/4certamen\/wp-content\/plugins\/pdf-print\/images\/print.png\" alt=\"image_print\" title=\"Imprimir contenido\" \/><\/a><\/div><p align=\"center\"><strong>\u00a0<\/strong>El peri\u00f3dico <strong>LaVerdad <\/strong>cubre informativamente las provincias de Murcia, Alicante y Albacete siendo l\u00edder indiscutible en esta zona del levante espa\u00f1ol. Pertenece al <a href=\"http:\/\/www.vocento.com\/\" target=\"_blank\"><strong>Grupo Vocento<\/strong> <\/a>que cuenta con un peri\u00f3dico nacional y doce regionales, lo que le convierte en el grupo l\u00edder de la prensa en Espa\u00f1a.<\/p>\n<p>\u00a0<\/p>\n<p>\u00a0<\/p>\n<p><center><a href=\"http:\/\/www.canal-literatura.com\/Noticias\/LaVerdad\/noticia-laverdadpuntoes.pdf\" target=\"_blank\"><strong>Laverdad.es<\/strong><\/a><strong> el tercer diario de informaci\u00f3n general espa\u00f1ol mas visitado en el a\u00f1o 2006. <\/strong><\/center><center>A partir de hoy, canal-literatura.com pasa a ser el portal literatura de laverdad.es <\/center><center><center><a href=\"http:\/\/www.canal-literatura.com\/LaVerdad.html\" target=\"_blank\"><strong><img decoding=\"async\" src=\"http:\/\/www.canal-literatura.com\/LaVerdad\/literatura-laverdad.jpg\" border=\"0\" \/> <\/strong><\/a><br \/>\nCon este paso la Asociaci\u00f3n Canal literatura aspira a poder difundir mas efectivamente sus contenidos y por tanto cumplir sus objetivos principales: promover la lectura a trav\u00e9s de medios electr\u00f3nicos y ayudar a los escritores noveles a difundir su obra.<br \/>\n<strong><img decoding=\"async\" src=\"http:\/\/www.canal-literatura.com\/Noticias\/LaVerdad\/Laverdad-2.jpg\" border=\"0\" \/><br \/>\n<\/strong>Juan Diego Sastre, Gerente de LaVerdad.es y la presidenta de la Asociaci\u00f3n Canal Literatura, durante la firma del acuerdo.\u00a0\u00a0\u00a0<\/p>\n<p>Pincha en las imagenes para mas informaci\u00f3n.<\/p>\n<p>\u00a0<\/p>\n<p><\/center><\/center>\u00a0<\/p>\n","protected":false},"excerpt":{"rendered":"<p>\u00a0El peri\u00f3dico LaVerdad cubre informativamente las provincias de Murcia, Alicante y Albacete siendo l\u00edder indiscutible en esta zona del levante espa\u00f1ol. Pertenece al Grupo Vocento que cuenta con un peri\u00f3dico nacional y doce regionales, lo que le convierte en el grupo l\u00edder de la prensa en Espa\u00f1a. \u00a0 \u00a0 Laverdad.es el tercer diario de informaci\u00f3n [&hellip;]<\/p>\n","protected":false},"author":1,"featured_media":0,"comment_status":"open","ping_status":"open","sticky":false,"template":"","format":"standard","meta":{"footnotes":""},"categories":[4],"tags":[],"class_list":["post-86","post","type-post","status-publish","format-standard","hentry","category-prensa"],"_links":{"self":[{"href":"https:\/\/www.canal-literatura.com\/4certamen\/index.php?rest_route=\/wp\/v2\/posts\/86","targetHints":{"allow":["GET"]}}],"collection":[{"href":"https:\/\/www.canal-literatura.com\/4certamen\/index.php?rest_route=\/wp\/v2\/posts"}],"about":[{"href":"https:\/\/www.canal-literatura.com\/4certamen\/index.php?rest_route=\/wp\/v2\/types\/post"}],"author":[{"embeddable":true,"href":"https:\/\/www.canal-literatura.com\/4certamen\/index.php?rest_route=\/wp\/v2\/users\/1"}],"replies":[{"embeddable":true,"href":"https:\/\/www.canal-literatura.com\/4certamen\/index.php?rest_route=%2Fwp%2Fv2%2Fcomments&post=86"}],"version-history":[{"count":0,"href":"https:\/\/www.canal-literatura.com\/4certamen\/index.php?rest_route=\/wp\/v2\/posts\/86\/revisions"}],"wp:attachment":[{"href":"https:\/\/www.canal-literatura.com\/4certamen\/index.php?rest_route=%2Fwp%2Fv2%2Fmedia&parent=86"}],"wp:term":[{"taxonomy":"category","embeddable":true,"href":"https:\/\/www.canal-literatura.com\/4certamen\/index.php?rest_route=%2Fwp%2Fv2%2Fcategories&post=86"},{"taxonomy":"post_tag","embeddable":true,"href":"https:\/\/www.canal-literatura.com\/4certamen\/index.php?rest_route=%2Fwp%2Fv2%2Ftags&post=86"}],"curies":[{"name":"wp","href":"https:\/\/api.w.org\/{rel}","templated":true}]}}