{"id":68,"date":"2007-03-21T11:18:37","date_gmt":"2007-03-21T10:18:37","guid":{"rendered":"http:\/\/www.canal-literatura.com\/4certamen\/?p=68"},"modified":"2007-03-21T11:20:02","modified_gmt":"2007-03-21T10:20:02","slug":"47-historia-de-laura-jimenez-por-argos","status":"publish","type":"post","link":"https:\/\/www.canal-literatura.com\/4certamen\/?p=68","title":{"rendered":"47- Historia de Laura Jim\u00e9nez. Por Argos"},"content":{"rendered":"<div class=\"pdfprnt-buttons pdfprnt-buttons-post pdfprnt-top-right\"><a href=\"https:\/\/www.canal-literatura.com\/4certamen\/index.php?rest_route=%2Fwp%2Fv2%2Fposts%2F68&print=print\" class=\"pdfprnt-button pdfprnt-button-print\" target=\"_blank\" ><img decoding=\"async\" src=\"https:\/\/www.canal-literatura.com\/4certamen\/wp-content\/plugins\/pdf-print\/images\/print.png\" alt=\"image_print\" title=\"Imprimir contenido\" \/><\/a><\/div><p><font face=\"Times New Roman\" size=\"3\" \/><\/p>\n<p><font size=\"3\"><font face=\"Times New Roman\">\u00a0\u00a0\u00a0\u00a0\u00a0\u00a0\u00a0\u00a0\u00a0\u00a0\u00a0\u00a0\u00a0\u00a0\u00a0\u00a0\u00a0\u00a0 Me llamo Laura Jim\u00e9nez y vivo en una silla de ruedas. Tengo veintipocos a\u00f1os, pero mi vida cambi\u00f3 un 11 de Marzo, cuando unos asesinos fanatizados decidieron que mi vida no ten\u00eda sentido.<!--more--><\/font><\/font><\/p>\n<p><font size=\"3\"><font face=\"Times New Roman\">\u00a0\u00a0\u00a0\u00a0\u00a0\u00a0\u00a0\u00a0\u00a0\u00a0\u00a0\u00a0\u00a0\u00a0\u00a0\u00a0\u00a0\u00a0 Sigo viviendo en Alcal\u00e1 de Henares, pero la bomba que estall\u00f3 en aquel tren fat\u00eddico, una fr\u00eda ma\u00f1ana madrile\u00f1a, me convirti\u00f3 por unos d\u00edas en un personaje popular. Mi foto sali\u00f3 en todos los peri\u00f3dicos, porque estuve ocho d\u00edas en coma en el Gregorio Mara\u00f1\u00f3n, tan hinchada que casi no cab\u00eda en la cama del hospital. Unos d\u00edas antes de la explosi\u00f3n me dijeron que estaba embarazada y pens\u00e9 que quer\u00eda comerme el mundo, que amar\u00eda con todo mi cari\u00f1o a aquel ser jubiloso que iba a nacer y que a pesar de todo, la vida pod\u00eda ser maravillosa.<\/font><\/font><\/p>\n<p><font size=\"3\"><font face=\"Times New Roman\">\u00a0\u00a0\u00a0\u00a0\u00a0\u00a0\u00a0\u00a0\u00a0\u00a0\u00a0\u00a0\u00a0\u00a0\u00a0\u00a0\u00a0\u00a0 Yo era una chica joven llena de sue\u00f1os, que quer\u00eda casarme con mi novio y pensaba que aquel hijo que iba a venir al mundo era una bendici\u00f3n para nuestro amor. Yo cre\u00eda en mis semejantes, era una persona convencida de mis ideas y una ciudadana ejemplar que votaba en las elecciones, pensando que entre todos pod\u00edamos construir un mundo mejor.<\/font><\/font><\/p>\n<p><font size=\"3\"><font face=\"Times New Roman\">\u00a0\u00a0\u00a0\u00a0\u00a0\u00a0\u00a0\u00a0\u00a0\u00a0\u00a0\u00a0\u00a0\u00a0\u00a0\u00a0\u00a0\u00a0 Hoy he apagado la tele con horror, cuando he visto a uno de los acusados del 11 de Marzo, decir con una extra\u00f1a sonrisa en los labios, que \u00e9l no particip\u00f3 en la matanza y que condenaba el atentado con todas sus fuerzas. Cu\u00e1n extra\u00f1o es el mundo. Hay seres que matan en nombre de un Dios todopoderoso y luego se refugian en sus oraciones, para no sentirse culpables de haber destrozado la vida de sus semejantes.<\/font><\/font><\/p>\n<p><font size=\"3\"><font face=\"Times New Roman\">\u00a0\u00a0\u00a0\u00a0\u00a0\u00a0\u00a0\u00a0\u00a0\u00a0\u00a0\u00a0\u00a0\u00a0\u00a0\u00a0\u00a0\u00a0 Yo, hoy por hoy, he dejado de creer en la bondad humana. Durante un tiempo intent\u00e9 disfrazar mi dolor, acud\u00ed a manifestaciones y actos en homenaje a las victimas del terrorismo, pero pronto me d\u00ed cuenta que los pol\u00edticos me utilizaban para su propio beneficio. A nadie le importaba, ni mi dolor, ni mi desgracia y pronto me d\u00ed cuenta, que para muchos era un simple objeto que se pod\u00eda clasificar seg\u00fan su tendencia pol\u00edtica. Como una tenebrosa ficha de ajedrez, si apoyaba una teor\u00eda estaba contra el Gobierno, si pensaba lo contrario estaba a favor de la Oposici\u00f3n. En medio estaba yo, sentada en mi silla de ruedas y pensando que este mundo no tiene sentido, como si fuera uno de esos personajes absurdos de ese visionario checo llamado Franz Kafka. Cu\u00e1n cierta la teor\u00eda del absurdo, la que habla de que vivimos en un mundo de sombras, donde la casualidad \u00f3 el destino, puede cambiar en unos segundos nuestras vidas. De esta manera me he visto en algunas ocasiones como el protagonista de El proceso, que no llega a conocer nunca su condena a muerte \u00f3 de ese viajante de comercio Gregor Samsa, que en La metamorfosis, llega a convertirse en un terrible escarabajo. En su obra literaria Franz Kafka habla de demonios, derrumbamientos psicol\u00f3gicos, embates, desamparo, soledad y muchas de esas mismas sensaciones yo las sent\u00ed en mi habitaci\u00f3n de hospital, cuando v\u00ed mi cuerpo mutilado y sent\u00ed que hab\u00eda perdido al hijo que esperaba. S\u00e9 que la terrible explosi\u00f3n qued\u00f3 dentro de mi cerebro para siempre, que mis recuerdos siguen impregnados de dolor y que sigo teniendo miedo a los espacios concurridos y al simple hecho de ponerme de pi\u00e9. Pero s\u00e9 tambi\u00e9n que los terroristas nunca ganar\u00e1n en su absurda lucha y alg\u00fan d\u00eda podr\u00e9 decirles a mis hijos, qui\u00e9nes fueron aquellos hombres sin coraz\u00f3n\u2026<\/font><\/font><\/p>\n<p><font size=\"3\"><font face=\"Times New Roman\">\u00a0\u00a0\u00a0\u00a0\u00a0\u00a0\u00a0\u00a0\u00a0\u00a0\u00a0\u00a0\u00a0\u00a0\u00a0\u00a0\u00a0\u00a0 Yo he perdido la f\u00e9 en la Humanidad, la bomba me estall\u00f3 a los 28 a\u00f1os, en plena juventud y hasta hubo un tiempo que tom\u00e9 mi situaci\u00f3n con optimismo y hasta llegu\u00e9 a celebrar con mi novio y mis familiares m\u00e1s cercanos, el hecho de que haber salido viva de aquel atentado, era un verdadero milagro, como si el 11 de Marzo, fuera la fecha de mi segundo nacimiento.<\/font><\/font><\/p>\n<p><font size=\"3\"><font face=\"Times New Roman\">\u00a0\u00a0\u00a0\u00a0\u00a0\u00a0\u00a0\u00a0\u00a0\u00a0\u00a0\u00a0\u00a0\u00a0\u00a0\u00a0\u00a0 \u00a0Pero fue entonces cuando empec\u00e9 a leer a Franz Kafka, para hallar consuelo a mi situaci\u00f3n y me llegu\u00e9 a identificar con aquel personaje que se despert\u00f3 una ma\u00f1ana y se dio cuenta con horror, que se hab\u00eda transformado en una gigantesca mosca. El p\u00e1nico esc\u00e9nico me impide desde el fat\u00eddico d\u00eda del accidente viajar en tren, aunque acabo de hacer un viaje en autocar por el maravilloso paisaje asturiano, deteni\u00e9ndome en la Cueva de Covadonga, para dar gracias a la Santina por mi milagrosa recuperaci\u00f3n. El contemplar la belleza del paisaje asturiano, los lagos y las monta\u00f1as, me han hecho amar de nuevo la belleza de la Creaci\u00f3n y pensar que detr\u00e1s de tanta belleza, debe existir un ser maravilloso que nos ama\u2026<\/font><\/font><\/p>\n<p><font size=\"3\"><font face=\"Times New Roman\">\u00a0\u00a0\u00a0\u00a0\u00a0\u00a0\u00a0\u00a0\u00a0\u00a0\u00a0\u00a0\u00a0\u00a0\u00a0\u00a0\u00a0\u00a0 S\u00e9 que la silla de ruedas me ha tra\u00eddo ocupaciones nuevas, ahora tengo m\u00e1s tiempo para la familia, me he convertido en una lectora voraz y hasta me he atrevido con la lectura de la Divina Comedia de Dante, el Kempis y las Confesiones de San Agust\u00edn. Pero sin duda, lo que ha cambiado mi vida ha sido el intento de buscar los absurdos de la existencia humana a trav\u00e9s de los textos de Franz Kafka. Hoy sigo preparando mi tesis, donde recojo el sentido de la obra de Kafka, en funci\u00f3n de ciertas escuelas literarias como la modernista, la m\u00e1gica \u00f3 la realista. La aparente desesperaci\u00f3n y la absurdidad de sus historias, parecen estar impregnadas de los s\u00edmbolos del existencialismo, que m\u00e1s tarde desarrollara con maestria Jean Paul Sartre. Otros ha intentado satirizar la influencia marxista en aquellas obras que atacan la burocracia como El proceso y El castillo, aunque otros apuntan el anarquismo como el fundamento de inspiraci\u00f3n de la obra kafkiana. Borges hizo unos comentarios muy originales sobre la influencia del juda\u00edsmo sobre su obra y otros han intentado compararlo con Freud en su estudio de la mente humana. La b\u00fasqueda metaf\u00edsica de Dios la subraya Thomas Mann. Otros autores como Milan Kundera, se refieren a su humor surrealista como el principal predecesor de artistas como Fellini, Garcia M\u00e1rquez \u00f3 Carlos Fuentes. En mi opini\u00f3n lo que Kafka nos demostr\u00f3 aparte de su indudable genio es que era posible escribir de una manera diferente y que sus historias eran parte del realismo m\u00e1gico y absurdo, que a veces arrastra la existencia humana.<\/font><\/font><\/p>\n<p><font size=\"3\"><font face=\"Times New Roman\">\u00a0\u00a0 \u00a0\u00a0\u00a0\u00a0\u00a0\u00a0\u00a0\u00a0\u00a0\u00a0\u00a0\u00a0\u00a0\u00a0\u00a0\u00a0En este sentido, el milagro de mi resurrecci\u00f3n a\u00fan no se lo explica la enfermera que estuvo junto a mi cama tantas noches y que me dijo, que cuando me vi\u00f3 por vez primera, era un cuerpo sin rostro, solo reconocible por la marca de nacimiento que tengo en mi frente. Durante los ocho d\u00edas que estuve en coma, v\u00ed un t\u00fanel de luz y sent\u00ed una extra\u00f1a paz interior. En el hospital no encontraban mis pulmones, ni la v\u00e9rtebra que se insert\u00f3 en mi canal medular. Pero yo ve\u00eda como lloraban mis seres queridos y segu\u00eda viendo aquel t\u00fanel de luz que brillaba a lo lejos. Lo extra\u00f1o es que me pareci\u00f3 ver una l\u00e1mpara encendida, escondida detr\u00e1s de un muro y la l\u00e1mpara parec\u00eda estar en un vaso, que resplandec\u00eda como la m\u00e1s fulgurante de todas las estrellas. Desde que v\u00ed aquella luz, no le tengo miedo a la muerte, como si sentada en mi silla de ruedas, estuviera instalada en la caverna de la que hablara Plat\u00f3n y pudiera observar a lo lejos, la existencia de un mundo maravilloso.<\/font><\/font><\/p>\n<p><font size=\"3\"><font face=\"Times New Roman\">\u00a0\u00a0\u00a0\u00a0\u00a0\u00a0\u00a0\u00a0\u00a0\u00a0\u00a0\u00a0\u00a0\u00a0\u00a0\u00a0\u00a0\u00a0 La certeza de que alg\u00fan d\u00eda volver\u00e9 a ver aquella luz, es la que me d\u00e1 fuerzas para seguir viviendo y es la certeza que quiero transmitir a todos aquellos que est\u00e1n enfermos, que sufren un dolor agotador, a todos aquellos que tienen su alma y su cuerpo mancillados por un horror inmenso, a los que piensan que Franz Kafka ten\u00eda raz\u00f3n y este es un mundo triste y absurdo.<\/font><\/font><\/p>\n<p><font size=\"3\"><font face=\"Times New Roman\">\u00a0\u00a0\u00a0\u00a0\u00a0\u00a0\u00a0\u00a0\u00a0\u00a0\u00a0\u00a0\u00a0\u00a0\u00a0\u00a0\u00a0\u00a0 Yo, Laura Jim\u00e9nez, sentada en mi silla de ruedas, no s\u00e9 que me deparar\u00e1 el futuro, solo s\u00e9 que sigo aferrada a la luz de esa l\u00e1mpara maravillosa, <\/font><\/font><font face=\"Times New Roman\" size=\"3\">que un d\u00eda v\u00ed en un extra\u00f1o t\u00fanel y me llen\u00f3 de una hermosa y extra\u00f1a felicidad, una felicidad que me hizo perder mi temor a la muerte, precisamente cuando todos pensaban que nunca despertar\u00eda de mi sue\u00f1o eterno\u2026<\/font><\/p>\n<p>\u00a0<\/p>\n","protected":false},"excerpt":{"rendered":"<p>\u00a0\u00a0\u00a0\u00a0\u00a0\u00a0\u00a0\u00a0\u00a0\u00a0\u00a0\u00a0\u00a0\u00a0\u00a0\u00a0\u00a0\u00a0 Me llamo Laura Jim\u00e9nez y vivo en una silla de ruedas. Tengo veintipocos a\u00f1os, pero mi vida cambi\u00f3 un 11 de Marzo, cuando unos asesinos fanatizados decidieron que mi vida no ten\u00eda sentido.<\/p>\n","protected":false},"author":1,"featured_media":0,"comment_status":"open","ping_status":"open","sticky":false,"template":"","format":"standard","meta":{"footnotes":""},"categories":[2],"tags":[],"class_list":["post-68","post","type-post","status-publish","format-standard","hentry","category-relatos"],"_links":{"self":[{"href":"https:\/\/www.canal-literatura.com\/4certamen\/index.php?rest_route=\/wp\/v2\/posts\/68","targetHints":{"allow":["GET"]}}],"collection":[{"href":"https:\/\/www.canal-literatura.com\/4certamen\/index.php?rest_route=\/wp\/v2\/posts"}],"about":[{"href":"https:\/\/www.canal-literatura.com\/4certamen\/index.php?rest_route=\/wp\/v2\/types\/post"}],"author":[{"embeddable":true,"href":"https:\/\/www.canal-literatura.com\/4certamen\/index.php?rest_route=\/wp\/v2\/users\/1"}],"replies":[{"embeddable":true,"href":"https:\/\/www.canal-literatura.com\/4certamen\/index.php?rest_route=%2Fwp%2Fv2%2Fcomments&post=68"}],"version-history":[{"count":0,"href":"https:\/\/www.canal-literatura.com\/4certamen\/index.php?rest_route=\/wp\/v2\/posts\/68\/revisions"}],"wp:attachment":[{"href":"https:\/\/www.canal-literatura.com\/4certamen\/index.php?rest_route=%2Fwp%2Fv2%2Fmedia&parent=68"}],"wp:term":[{"taxonomy":"category","embeddable":true,"href":"https:\/\/www.canal-literatura.com\/4certamen\/index.php?rest_route=%2Fwp%2Fv2%2Fcategories&post=68"},{"taxonomy":"post_tag","embeddable":true,"href":"https:\/\/www.canal-literatura.com\/4certamen\/index.php?rest_route=%2Fwp%2Fv2%2Ftags&post=68"}],"curies":[{"name":"wp","href":"https:\/\/api.w.org\/{rel}","templated":true}]}}