{"id":129,"date":"2007-05-17T14:20:51","date_gmt":"2007-05-17T13:20:51","guid":{"rendered":"http:\/\/www.canal-literatura.com\/4certamen\/?p=129"},"modified":"2018-02-27T15:08:24","modified_gmt":"2018-02-27T14:08:24","slug":"ya-conocemos-a-los-seis-finalistas-del-premio-especial-salzillo","status":"publish","type":"post","link":"https:\/\/www.canal-literatura.com\/4certamen\/?p=129","title":{"rendered":"Ya conocemos a los seis finalistas del Premio Especial Salzillo."},"content":{"rendered":"<div class=\"pdfprnt-buttons pdfprnt-buttons-post pdfprnt-top-right\"><a href=\"https:\/\/www.canal-literatura.com\/4certamen\/index.php?rest_route=%2Fwp%2Fv2%2Fposts%2F129&print=print\" class=\"pdfprnt-button pdfprnt-button-print\" target=\"_blank\" ><img decoding=\"async\" src=\"https:\/\/www.canal-literatura.com\/4certamen\/wp-content\/plugins\/pdf-print\/images\/print.png\" alt=\"image_print\" title=\"Imprimir contenido\" \/><\/a><\/div><p style=\"text-align: justify;\">\u00a0Ya conocemos a los seis finalistas que entre los 37 texto llegados de 5 pa\u00edses han concursado en el premio especial de este a\u00f1o, El premio Especial Salzillo, que consist\u00eda en transmitir en 150 palabras el sentimiento, recuerdo o idea que evocara una imagen de este escultor murciano del que celebramos el III Centenario.<\/p>\n<p><center><a href=\"http:\/\/canal-literatura.com\/blog\/noticias\/certamen\/ya-conocemos-a-los-seis-finalistas-del-premio-especial-salzillo\/\" target=\"_new\"><img decoding=\"async\" src=\"http:\/\/www.canal-literatura.com\/finalistas4_archivos\/finalistasSalzilloop.jpg\" width=\"350\" border=\"0\" \/> <\/a><\/center><\/p>\n<p style=\"text-align: center;\"><strong>Pincha en la imagen para conocerlos mejor.<\/strong><\/p>\n<p>&nbsp;<\/p>\n<p>N\u00ba \/ Nombre \/ T\u00edtulo<br \/>\n<strong>4\/ M\u00aa Dolores S\u00e1nchez L\u00e1zaro-Carrasco \/ Esa Mirada<br \/>\n8 \/ Luis Oroz Rodr\u00edguez \/ La vida se desliza.<br \/>\n18 \/Juan Carlos Garrido del Pozo \/ Doliente<br \/>\n21 \/\u00c1ngel Moreno Delgado \/Fuego en la mano de Salzillo<br \/>\n27 \/Isabel Navarro Verdu\/ Nazareno<br \/>\n30 \/Enrique Encabo \/ Ra\u00fal<\/strong><\/p>\n<p><!--more--><\/p>\n<p style=\"text-align: justify;\">La Asociaci\u00f3n Canal Literatura valorar\u00e1 la posibilidad de incluir estos textos en el libro de esta convocator\u00eda, \u00abRelat@s en el canl III \u00ab, tal y como se hizo con el Premio Especial Estambul el a\u00f1o pasado.<br \/>\nEstos son los seis finalistas que optan al premio. Ellos nos cuentan las impresiones que quieren compartir con nosotros.<\/p>\n<p>&nbsp;<\/p>\n<p><center>P<a href=\"http:\/\/www.laverdad.es\/murcia\/ocio\/otro_contenido\/200705\/18\/salzillo.html\" target=\"_blank\" rel=\"noopener\">incha aqu\u00ed para ver la noticia en LAVERDAD.ES<\/a><\/center><center>El Faro de Murcia<\/center><center><a href=\"http:\/\/www.eldigoras.com\/premios\/premios0348.html\" target=\"_new\">Aqu\u00ed para ver la noticia en Eld\u00edgoras.com <\/a><\/center><center>El Pa\u00eds Literario<\/center>&nbsp;<\/p>\n<p><center>La web de la Comunidad Aut\u00f3noma de Murcia CARM.ES<\/center><\/p>\n","protected":false},"excerpt":{"rendered":"<p>\u00a0Ya conocemos a los seis finalistas que entre los 37 texto llegados de 5 pa\u00edses han concursado en el premio especial de este a\u00f1o, El premio Especial Salzillo, que consist\u00eda en transmitir en 150 palabras el sentimiento, recuerdo o idea que evocara una imagen de este escultor murciano del que celebramos el III Centenario. Pincha [&hellip;]<\/p>\n","protected":false},"author":2,"featured_media":0,"comment_status":"open","ping_status":"open","sticky":false,"template":"","format":"standard","meta":{"footnotes":""},"categories":[1],"tags":[],"class_list":["post-129","post","type-post","status-publish","format-standard","hentry","category-general"],"_links":{"self":[{"href":"https:\/\/www.canal-literatura.com\/4certamen\/index.php?rest_route=\/wp\/v2\/posts\/129","targetHints":{"allow":["GET"]}}],"collection":[{"href":"https:\/\/www.canal-literatura.com\/4certamen\/index.php?rest_route=\/wp\/v2\/posts"}],"about":[{"href":"https:\/\/www.canal-literatura.com\/4certamen\/index.php?rest_route=\/wp\/v2\/types\/post"}],"author":[{"embeddable":true,"href":"https:\/\/www.canal-literatura.com\/4certamen\/index.php?rest_route=\/wp\/v2\/users\/2"}],"replies":[{"embeddable":true,"href":"https:\/\/www.canal-literatura.com\/4certamen\/index.php?rest_route=%2Fwp%2Fv2%2Fcomments&post=129"}],"version-history":[{"count":5,"href":"https:\/\/www.canal-literatura.com\/4certamen\/index.php?rest_route=\/wp\/v2\/posts\/129\/revisions"}],"predecessor-version":[{"id":280,"href":"https:\/\/www.canal-literatura.com\/4certamen\/index.php?rest_route=\/wp\/v2\/posts\/129\/revisions\/280"}],"wp:attachment":[{"href":"https:\/\/www.canal-literatura.com\/4certamen\/index.php?rest_route=%2Fwp%2Fv2%2Fmedia&parent=129"}],"wp:term":[{"taxonomy":"category","embeddable":true,"href":"https:\/\/www.canal-literatura.com\/4certamen\/index.php?rest_route=%2Fwp%2Fv2%2Fcategories&post=129"},{"taxonomy":"post_tag","embeddable":true,"href":"https:\/\/www.canal-literatura.com\/4certamen\/index.php?rest_route=%2Fwp%2Fv2%2Ftags&post=129"}],"curies":[{"name":"wp","href":"https:\/\/api.w.org\/{rel}","templated":true}]}}