{"id":126,"date":"2007-05-14T12:17:52","date_gmt":"2007-05-14T11:17:52","guid":{"rendered":"http:\/\/www.canal-literatura.com\/4certamen\/?p=126"},"modified":"2007-05-14T12:21:06","modified_gmt":"2007-05-14T11:21:06","slug":"finalistas-del-premio-especial-salzillo-el-arte-y-la-palabra","status":"publish","type":"post","link":"https:\/\/www.canal-literatura.com\/4certamen\/?p=126","title":{"rendered":"Finalistas del Premio Especial Salzillo \u00abEl arte y la Palabra\u00bb"},"content":{"rendered":"<div class=\"pdfprnt-buttons pdfprnt-buttons-post pdfprnt-top-right\"><a href=\"https:\/\/www.canal-literatura.com\/4certamen\/index.php?rest_route=%2Fwp%2Fv2%2Fposts%2F126&print=print\" class=\"pdfprnt-button pdfprnt-button-print\" target=\"_blank\" ><img decoding=\"async\" src=\"https:\/\/www.canal-literatura.com\/4certamen\/wp-content\/plugins\/pdf-print\/images\/print.png\" alt=\"image_print\" title=\"Imprimir contenido\" \/><\/a><\/div><p><strong>N\u00ba \/ seud\u00f3nimo \/ Fecha\/ T\u00edtulo<\/strong><\/p>\n<p>4 \/ Sala\/ 24-02-2007\/ Esa mirada.<\/p>\n<p>8\/ La vida se desliza\/ 26-02-2007<\/p>\n<p>18 \/Doliente\/ 13-03-2007<\/p>\n<p>21\/AMD\/ 20-03-2007\/ Fuego en la mano de Salzillo.<\/p>\n<p>27\/Nazareno\/27-03-2007<\/p>\n<p>30\/Ra\u00fal\/5-04\/2007<\/p>\n<p align=\"center\">En breve se les comunicar\u00e1 por correo electr\u00f3nico C\u00f3mo sab\u00e9is el premio es un\u00a0nacimiento estilo Salzillo creado por artesanos de la Regi\u00f3n de Murcia.<\/p>\n<p align=\"center\">Todos los finalistas asistentes\u00a0 de este premio especial recibir\u00e1n un regalo conmemorativo de este III centenario del escultor murciano.<\/p>\n<p align=\"center\">El museo Salzillo adem\u00e1s habilitar\u00e1 un horario especial para\u00a0 que todos los asistentes al certamen puedan visitar esta exposici\u00f3n \u00fanica.<\/p>\n<p align=\"center\"><strong>\u00a1Enhorabuena a los finalistas y nuestro agradecimiento a todos los participantes.!<\/strong><\/p>\n","protected":false},"excerpt":{"rendered":"<p>N\u00ba \/ seud\u00f3nimo \/ Fecha\/ T\u00edtulo 4 \/ Sala\/ 24-02-2007\/ Esa mirada. 8\/ La vida se desliza\/ 26-02-2007 18 \/Doliente\/ 13-03-2007 21\/AMD\/ 20-03-2007\/ Fuego en la mano de Salzillo. 27\/Nazareno\/27-03-2007 30\/Ra\u00fal\/5-04\/2007 En breve se les comunicar\u00e1 por correo electr\u00f3nico C\u00f3mo sab\u00e9is el premio es un\u00a0nacimiento estilo Salzillo creado por artesanos de la Regi\u00f3n de Murcia. [&hellip;]<\/p>\n","protected":false},"author":2,"featured_media":0,"comment_status":"open","ping_status":"open","sticky":false,"template":"","format":"standard","meta":{"footnotes":""},"categories":[1],"tags":[],"class_list":["post-126","post","type-post","status-publish","format-standard","hentry","category-general"],"_links":{"self":[{"href":"https:\/\/www.canal-literatura.com\/4certamen\/index.php?rest_route=\/wp\/v2\/posts\/126","targetHints":{"allow":["GET"]}}],"collection":[{"href":"https:\/\/www.canal-literatura.com\/4certamen\/index.php?rest_route=\/wp\/v2\/posts"}],"about":[{"href":"https:\/\/www.canal-literatura.com\/4certamen\/index.php?rest_route=\/wp\/v2\/types\/post"}],"author":[{"embeddable":true,"href":"https:\/\/www.canal-literatura.com\/4certamen\/index.php?rest_route=\/wp\/v2\/users\/2"}],"replies":[{"embeddable":true,"href":"https:\/\/www.canal-literatura.com\/4certamen\/index.php?rest_route=%2Fwp%2Fv2%2Fcomments&post=126"}],"version-history":[{"count":0,"href":"https:\/\/www.canal-literatura.com\/4certamen\/index.php?rest_route=\/wp\/v2\/posts\/126\/revisions"}],"wp:attachment":[{"href":"https:\/\/www.canal-literatura.com\/4certamen\/index.php?rest_route=%2Fwp%2Fv2%2Fmedia&parent=126"}],"wp:term":[{"taxonomy":"category","embeddable":true,"href":"https:\/\/www.canal-literatura.com\/4certamen\/index.php?rest_route=%2Fwp%2Fv2%2Fcategories&post=126"},{"taxonomy":"post_tag","embeddable":true,"href":"https:\/\/www.canal-literatura.com\/4certamen\/index.php?rest_route=%2Fwp%2Fv2%2Ftags&post=126"}],"curies":[{"name":"wp","href":"https:\/\/api.w.org\/{rel}","templated":true}]}}